{"id":3582,"date":"2019-09-01T13:14:30","date_gmt":"2019-09-01T18:14:30","guid":{"rendered":"http:\/\/www.zonaroja.com.mx\/?p=3582"},"modified":"2019-09-01T13:14:34","modified_gmt":"2019-09-01T18:14:34","slug":"tambien-en-el-istmo-reclaman-desatencion-a-feminicidios","status":"publish","type":"post","link":"https:\/\/zonaroja.com.mx\/?p=3582","title":{"rendered":"Tambi\u00e9n en el Istmo reclaman desatenci\u00f3n a feminicidios"},"content":{"rendered":"\n<p>Redacci\u00f3n\/Zona Roja.<\/p>\n\n\n\n<p>Ciudad de Oaxaca, Oax., 1 de septiembre\nde 2019.- La regi\u00f3n del Istmo de Tehuantepec tambi\u00e9n reclam\u00f3 a la Fiscal\u00eda\nGeneral del Estado de Oaxaca la ineficiencia e ineficacia en la justicia a las mujeres\nv\u00edctimas de violencia y a los casos feminicidios.<\/p>\n\n\n\n<p>Este s\u00e1bado por la tarde, en el marco\nde cumplirse un a\u00f1o de la declaratoria de Alerta de G\u00e9nero para la entidad, m\u00e1s\nde un centenar de personas y autoridades municipales marcharon por las\nprincipales calles de Juchit\u00e1n de Zaragoza.<\/p>\n\n\n\n<p>Organizado por el Instituto Municipal\nde las Mujeres, recorrieron calles desde el parque central hasta el monumento a\nla Mujer Juchiteca.<\/p>\n\n\n\n<p>Ah\u00ed en un mitin exigieron a las\nautoridades de procuraci\u00f3n de justicia agilizar las investigaciones en torno a\nlas muertes violentas de mujeres; brindar una mayor atenci\u00f3n integral a los\nfamiliares de las v\u00edctimas; no desde\u00f1ar desde el inicio la investigaci\u00f3n como\nfeminicidio.<\/p>\n\n\n\n<p>\u201cQue ayuden a investigar con eficiencia\ncada caso de feminicidio y violencia de g\u00e9nero\u201d, reclam\u00f3 Sintia Vera Castillo, directora\ndel Instituto, acompa\u00f1ada del S\u00edndico Hacendario, Mariano Rosado L\u00f3pez, quien\nacudi\u00f3 en representaci\u00f3n del edil Emilio Montero P\u00e9rez.<\/p>\n\n\n\n<p>\u201cEl escenario de violencia, de maltrato\nf\u00edsico, emocional, espiritual, sexual, econ\u00f3mico, patrimonial e institucional\nque se da contra las mujeres y las ni\u00f1as, no ha disminuido\u201d, hacen falta m\u00e1s\nacciones, recriminaron desde esa ciudad juchiteca.<\/p>\n\n\n\n<p>\u201cMucho tenemos qu\u00e9 hacer los tres\n\u00e1mbitos de gobierno para frenar y disminuir estos condenables \u00edndices de\nviolencia. Mucho tenemos qu\u00e9 hacer como sociedad, desde la escuela, desde el\nseno familiar para cambiar este panorama que nos refleja como sociedad\u201d, a\u00f1adi\u00f3.<\/p>\n\n\n\n<p>En la marcha participaron tambi\u00e9n\nestudiantes de diversas instituciones del nivel medio superior y superior,\nentre ellos el Instituto Tecnol\u00f3gico del Istmo.<\/p>\n","protected":false},"excerpt":{"rendered":"<p>Redacci\u00f3n\/Zona Roja. Ciudad de Oaxaca, Oax., 1 de septiembre de 2019.- La regi\u00f3n del Istmo&hellip;<\/p>\n","protected":false},"author":2,"featured_media":3583,"comment_status":"closed","ping_status":"open","sticky":false,"template":"","format":"standard","meta":{"_lmt_disableupdate":"","_lmt_disable":"","_jetpack_memberships_contains_paid_content":false,"footnotes":""},"categories":[109,51],"tags":[610,123],"class_list":["post-3582","post","type-post","status-publish","format-standard","has-post-thumbnail","hentry","category-minuto-a-minuto","category-zona-roja","tag-feminicidios-oaxaca","tag-juchitan-de-zaragoza"],"jetpack_featured_media_url":"https:\/\/zonaroja.com.mx\/wp-content\/uploads\/2019\/09\/IMG_3649.jpg","jetpack_sharing_enabled":true,"_links":{"self":[{"href":"https:\/\/zonaroja.com.mx\/index.php?rest_route=\/wp\/v2\/posts\/3582","targetHints":{"allow":["GET"]}}],"collection":[{"href":"https:\/\/zonaroja.com.mx\/index.php?rest_route=\/wp\/v2\/posts"}],"about":[{"href":"https:\/\/zonaroja.com.mx\/index.php?rest_route=\/wp\/v2\/types\/post"}],"author":[{"embeddable":true,"href":"https:\/\/zonaroja.com.mx\/index.php?rest_route=\/wp\/v2\/users\/2"}],"replies":[{"embeddable":true,"href":"https:\/\/zonaroja.com.mx\/index.php?rest_route=%2Fwp%2Fv2%2Fcomments&post=3582"}],"version-history":[{"count":1,"href":"https:\/\/zonaroja.com.mx\/index.php?rest_route=\/wp\/v2\/posts\/3582\/revisions"}],"predecessor-version":[{"id":3584,"href":"https:\/\/zonaroja.com.mx\/index.php?rest_route=\/wp\/v2\/posts\/3582\/revisions\/3584"}],"wp:featuredmedia":[{"embeddable":true,"href":"https:\/\/zonaroja.com.mx\/index.php?rest_route=\/wp\/v2\/media\/3583"}],"wp:attachment":[{"href":"https:\/\/zonaroja.com.mx\/index.php?rest_route=%2Fwp%2Fv2%2Fmedia&parent=3582"}],"wp:term":[{"taxonomy":"category","embeddable":true,"href":"https:\/\/zonaroja.com.mx\/index.php?rest_route=%2Fwp%2Fv2%2Fcategories&post=3582"},{"taxonomy":"post_tag","embeddable":true,"href":"https:\/\/zonaroja.com.mx\/index.php?rest_route=%2Fwp%2Fv2%2Ftags&post=3582"}],"curies":[{"name":"wp","href":"https:\/\/api.w.org\/{rel}","templated":true}]}}