{"id":35820,"date":"2021-12-27T09:09:25","date_gmt":"2021-12-27T15:09:25","guid":{"rendered":"http:\/\/www.zonaroja.com.mx\/?p=35820"},"modified":"2021-12-27T09:09:28","modified_gmt":"2021-12-27T15:09:28","slug":"la-lucha-dentro-de-morena-es-por-oaxaca-y-por-todas-las-mujeres-susana-harp","status":"publish","type":"post","link":"https:\/\/zonaroja.com.mx\/?p=35820","title":{"rendered":"La lucha dentro de Morena es por Oaxaca y por todas las mujeres: Susana Harp"},"content":{"rendered":"\n<p>Redacci\u00f3n\/Zona Roja.<\/p>\n\n\n\n<p>Oaxaca de Ju\u00e1rez, Oax., 27 de diciembre de 2021. La Senadora de la Rep\u00fablica, Susana Harp Iturribarr\u00eda, asegur\u00f3 que no se ir\u00e1 de Morena, y que defender\u00e1 los ideales que inspiraron este partido pol\u00edtico, que busca el progreso y desarrollo del pa\u00eds.<\/p>\n\n\n\n<p>Sin embargo, dijo, respecto al proceso de selecci\u00f3n de la persona candidata a la gubernatura en Oaxaca, llevar\u00e1 hasta el Tribunal Electoral Federal, la decisi\u00f3n de su partido de convertir a un hombre en el candidato al gobierno de Oaxaca para las elecciones de junio en 2022.<\/p>\n\n\n\n<p>Lo anterior al considerar que, la dirigencia nacional de este partido, encabezada por Mario Delgado Carrillo, viol\u00f3 los criterios de paridad en el proceso interno de elecci\u00f3n, al no respetar los resultados de las encuestas que la posicionaban como la aspirante a ser la candidata a la gubernatura, m\u00e1s competitiva.<\/p>\n\n\n\n<p>\u201cVoy a impugnar el criterio porque no es eso lo que marca la Constituci\u00f3n. Soy la segunda mujer mejor evaluada de las seis entidades y las y los oaxaque\u00f1os prefieren en un 52,55% que la candidatura sea para una mujer\u201d indic\u00f3 Harp Iturribarr\u00eda.<\/p>\n\n\n\n<p>La representante popular, dijo que la paridad de g\u00e9nero debe impulsar a las mujeres m\u00e1s competitivas y que cuentan con mayor nivel de conocimiento y aceptaci\u00f3n en los estados, en los que habr\u00e1 elecci\u00f3n.<\/p>\n\n\n\n<p>En este sentido, Susana Harp Iturribarr\u00eda, indic\u00f3 que es una mujer de izquierda que luchar\u00e1 por defender los derechos de las mujeres, y trabajar\u00e1 en consolidar una democracia, transparente, equitativa e inclusiva. Explic\u00f3 que m\u00e1s all\u00e1 de tener o no la candidatura, la constituci\u00f3n no se puede interpretar a modo.<\/p>\n\n\n\n<p>\u201cNo podemos permitir, una vez m\u00e1s, que las acciones afirmativas hacia las mujeres sean para las contiendas m\u00e1s desfavorables. Debemos ser candidatas las mujeres que tenemos las puntuaciones m\u00e1s altas para ganar las gubernaturas en 2022, para hacer realidad la transformaci\u00f3n y el empoderamiento de las mujeres\u201d.<\/p>\n\n\n\n<p>Fue puntual al se\u00f1alar que, la Cuarta Transformaci\u00f3n no ser\u00e1 sin las mujeres, que el pueblo est\u00e1 cansado de injusticias, y que est\u00e1 demostrado que las y los oaxaque\u00f1os quieren cambiar la historia y que una mujer sea gobernadora.<\/p>\n","protected":false},"excerpt":{"rendered":"<p>Redacci\u00f3n\/Zona Roja. Oaxaca de Ju\u00e1rez, Oax., 27 de diciembre de 2021. La Senadora de la&hellip;<\/p>\n","protected":false},"author":2,"featured_media":34211,"comment_status":"closed","ping_status":"open","sticky":false,"template":"","format":"standard","meta":{"_lmt_disableupdate":"","_lmt_disable":"","_jetpack_memberships_contains_paid_content":false,"footnotes":""},"categories":[109,46],"tags":[1685],"class_list":["post-35820","post","type-post","status-publish","format-standard","has-post-thumbnail","hentry","category-minuto-a-minuto","category-zona-blanca","tag-susana-harp-iturribarria"],"jetpack_featured_media_url":"https:\/\/zonaroja.com.mx\/wp-content\/uploads\/2021\/11\/Susana-Harp-I.jpg","jetpack_sharing_enabled":true,"_links":{"self":[{"href":"https:\/\/zonaroja.com.mx\/index.php?rest_route=\/wp\/v2\/posts\/35820","targetHints":{"allow":["GET"]}}],"collection":[{"href":"https:\/\/zonaroja.com.mx\/index.php?rest_route=\/wp\/v2\/posts"}],"about":[{"href":"https:\/\/zonaroja.com.mx\/index.php?rest_route=\/wp\/v2\/types\/post"}],"author":[{"embeddable":true,"href":"https:\/\/zonaroja.com.mx\/index.php?rest_route=\/wp\/v2\/users\/2"}],"replies":[{"embeddable":true,"href":"https:\/\/zonaroja.com.mx\/index.php?rest_route=%2Fwp%2Fv2%2Fcomments&post=35820"}],"version-history":[{"count":1,"href":"https:\/\/zonaroja.com.mx\/index.php?rest_route=\/wp\/v2\/posts\/35820\/revisions"}],"predecessor-version":[{"id":35822,"href":"https:\/\/zonaroja.com.mx\/index.php?rest_route=\/wp\/v2\/posts\/35820\/revisions\/35822"}],"wp:featuredmedia":[{"embeddable":true,"href":"https:\/\/zonaroja.com.mx\/index.php?rest_route=\/wp\/v2\/media\/34211"}],"wp:attachment":[{"href":"https:\/\/zonaroja.com.mx\/index.php?rest_route=%2Fwp%2Fv2%2Fmedia&parent=35820"}],"wp:term":[{"taxonomy":"category","embeddable":true,"href":"https:\/\/zonaroja.com.mx\/index.php?rest_route=%2Fwp%2Fv2%2Fcategories&post=35820"},{"taxonomy":"post_tag","embeddable":true,"href":"https:\/\/zonaroja.com.mx\/index.php?rest_route=%2Fwp%2Fv2%2Ftags&post=35820"}],"curies":[{"name":"wp","href":"https:\/\/api.w.org\/{rel}","templated":true}]}}