{"id":35823,"date":"2021-12-27T16:44:39","date_gmt":"2021-12-27T22:44:39","guid":{"rendered":"http:\/\/www.zonaroja.com.mx\/?p=35823"},"modified":"2021-12-27T16:44:43","modified_gmt":"2021-12-27T22:44:43","slug":"denuncian-que-ataque-a-sindicalizados-durante-protesta-fue-dirigido-por-gobierno-estatal","status":"publish","type":"post","link":"https:\/\/zonaroja.com.mx\/?p=35823","title":{"rendered":"Denuncian que ataque a sindicalizados durante protesta fue dirigido por gobierno estatal"},"content":{"rendered":"\n<p>Yuridiana Sosa\/Zona Roja.<\/p>\n\n\n\n<p>Oaxaca de Ju\u00e1rez, Oax., 27 de diciembre de 2021.- Un grupo de choque adherido al Sindicato \u201c3 de Marzo\u201d fue se\u00f1alado como el responsable del ataque a los trabajadores del ayuntamiento de Oaxaca que permanec\u00eda en protesta la tarde del 24 de diciembre y contra quienes ya existen denuncias penales y por violencia sexual.<\/p>\n\n\n\n<p>Representantes de cuatro sindicatos de la capital indicaron que esta acci\u00f3n fue una orden del gobierno de Oaxaca, con quien previamente hab\u00edan negociado integrantes del grupo de choque para obtener el pago de sus salarios y aguinaldos sin hacer movilizaciones.<\/p>\n\n\n\n<p>Marcelino Coache Verano, dirigente del Sindicato Libre, se\u00f1al\u00f3 que este ataque fue mencionado de forma anticipada por el secretario general de Gobierno (Segego), Francisco Garc\u00eda L\u00f3pez, en una reuni\u00f3n.<\/p>\n\n\n\n<p>El funcionario les expres\u00f3 en aquel encuentro que como gobierno estaban conteniendo a un grupo de colonos que quer\u00edan actuar de manera violenta para desalojar los bloqueos, por lo que ahora los afectados no dudan que haya sido un plan de las autoridades.<\/p>\n\n\n\n<figure class=\"wp-block-embed is-type-rich is-provider-twitter wp-block-embed-twitter\"><div class=\"wp-block-embed__wrapper\">\n<div class=\"twitter-tweet\"><blockquote class=\"twitter-tweet\" data-lang=\"es\"><p lang=\"es\" dir=\"ltr\"><a href=\"https:\/\/twitter.com\/hashtag\/ENVIVO?src=hash&amp;ref_src=twsrc%5Etfw\">#ENVIVO<\/a><br>Oaxaca de Ju\u00e1rez, Oax., 27 de diciembre de 2021.- Conferencia de prensa de dirigentes de cuatro sindicatos del ayuntamiento de <a href=\"https:\/\/twitter.com\/hashtag\/Oaxaca?src=hash&amp;ref_src=twsrc%5Etfw\">#Oaxaca<\/a> de Ju\u00e1rez; denuncian que ataques fueron de agremiados al \u201c3 de Marzo\u201d, azuzados por el gobierno. <br>Transmisi\u00f3n:<br>\ud83d\udc47<a href=\"https:\/\/t.co\/KoDwZDecBy\">https:\/\/t.co\/KoDwZDecBy<\/a> <a href=\"https:\/\/t.co\/5zPoKsXSfP\">pic.twitter.com\/5zPoKsXSfP<\/a><\/p>&mdash; Zona Roja Oaxaca (@Zona_Roja_Oax) <a href=\"https:\/\/twitter.com\/Zona_Roja_Oax\/status\/1475516648480198658?ref_src=twsrc%5Etfw\">27 de diciembre de 2021<\/a><\/blockquote><\/div>\n<\/div><\/figure>\n\n\n\n<p>Por esos hechos ya interpusieron las denuncias correspondientes, en las que se incluyen las de violencia sexual contra algunas compa\u00f1eras, una de ellas embarazada, indicaron.<\/p>\n\n\n\n<p>Los cuatro sindicatos agredidos dejaron claro que los se\u00f1alamientos de los ataques no est\u00e1n dirigidos contra el gremio de \u201c3 de Marzo\u00bb, pues s\u00f3lo se trata de un grupo de unos 80 miembros.<\/p>\n\n\n\n<p>Respecto a los pendientes de la administraci\u00f3n de Oswaldo Grac\u00eda Jarqu\u00edn, dijo que a\u00fan restan 12 millones de pesos del fondo de pensiones, del cual se comprometieron a liquidar esta semana y por lo que est\u00e1n en comunicaci\u00f3n con el Tesorero y la Direcci\u00f3n de Administraci\u00f3n del Ayuntamiento.<\/p>\n","protected":false},"excerpt":{"rendered":"<p>Yuridiana Sosa\/Zona Roja. Oaxaca de Ju\u00e1rez, Oax., 27 de diciembre de 2021.- Un grupo de&hellip;<\/p>\n","protected":false},"author":2,"featured_media":35824,"comment_status":"closed","ping_status":"open","sticky":false,"template":"","format":"standard","meta":{"_lmt_disableupdate":"","_lmt_disable":"","_jetpack_memberships_contains_paid_content":false,"footnotes":""},"categories":[109,47],"tags":[148],"class_list":["post-35823","post","type-post","status-publish","format-standard","has-post-thumbnail","hentry","category-minuto-a-minuto","category-zona-gris","tag-oaxaca-de-juarez"],"jetpack_featured_media_url":"https:\/\/zonaroja.com.mx\/wp-content\/uploads\/2021\/12\/Conferencia-sindicatos-ayuntamiento-Oaxaca-1.jpg","jetpack_sharing_enabled":true,"_links":{"self":[{"href":"https:\/\/zonaroja.com.mx\/index.php?rest_route=\/wp\/v2\/posts\/35823","targetHints":{"allow":["GET"]}}],"collection":[{"href":"https:\/\/zonaroja.com.mx\/index.php?rest_route=\/wp\/v2\/posts"}],"about":[{"href":"https:\/\/zonaroja.com.mx\/index.php?rest_route=\/wp\/v2\/types\/post"}],"author":[{"embeddable":true,"href":"https:\/\/zonaroja.com.mx\/index.php?rest_route=\/wp\/v2\/users\/2"}],"replies":[{"embeddable":true,"href":"https:\/\/zonaroja.com.mx\/index.php?rest_route=%2Fwp%2Fv2%2Fcomments&post=35823"}],"version-history":[{"count":1,"href":"https:\/\/zonaroja.com.mx\/index.php?rest_route=\/wp\/v2\/posts\/35823\/revisions"}],"predecessor-version":[{"id":35825,"href":"https:\/\/zonaroja.com.mx\/index.php?rest_route=\/wp\/v2\/posts\/35823\/revisions\/35825"}],"wp:featuredmedia":[{"embeddable":true,"href":"https:\/\/zonaroja.com.mx\/index.php?rest_route=\/wp\/v2\/media\/35824"}],"wp:attachment":[{"href":"https:\/\/zonaroja.com.mx\/index.php?rest_route=%2Fwp%2Fv2%2Fmedia&parent=35823"}],"wp:term":[{"taxonomy":"category","embeddable":true,"href":"https:\/\/zonaroja.com.mx\/index.php?rest_route=%2Fwp%2Fv2%2Fcategories&post=35823"},{"taxonomy":"post_tag","embeddable":true,"href":"https:\/\/zonaroja.com.mx\/index.php?rest_route=%2Fwp%2Fv2%2Ftags&post=35823"}],"curies":[{"name":"wp","href":"https:\/\/api.w.org\/{rel}","templated":true}]}}