{"id":35826,"date":"2021-12-27T17:04:43","date_gmt":"2021-12-27T23:04:43","guid":{"rendered":"http:\/\/www.zonaroja.com.mx\/?p=35826"},"modified":"2021-12-27T17:04:47","modified_gmt":"2021-12-27T23:04:47","slug":"clausura-profepa-obra-en-laguna-de-manialtepec-tras-denuncia-ciudadana","status":"publish","type":"post","link":"https:\/\/zonaroja.com.mx\/?p=35826","title":{"rendered":"Clausura Profepa obra en Laguna de Manialtepec tras denuncia ciudadana"},"content":{"rendered":"\n<p>Yuridiana Sosa\/Zona Roja.<\/p>\n\n\n\n<p>Oaxaca de Ju\u00e1rez, Oax., 27 de diciembre de 2021.- La Procuradur\u00eda Federal de Protecci\u00f3n al Ambiente (Profepa) clausur\u00f3 una obra sin permisos que se realizaba en la Laguna de Manialtepec, de San Pedro Mixtepec, en la Costa de Oaxaca.<\/p>\n\n\n\n<p>Las afectaciones en este ecosistema fueron denunciadas por la poblaci\u00f3n de Las Negras, Mixtepec, quienes se\u00f1alaron que un particular realizaba una brecha de aproximadamente cinco metros de ancho y 200 metros de longitud, as\u00ed como realizaba dep\u00f3sito de relleno sobre los manglares.<\/p>\n\n\n\n<p>Tras esta denuncia p\u00fablica y de manera formal ante la dependencia federal, la Profepa realiz\u00f3 una inspecci\u00f3n a la zona el pasado 21 de diciembre en la que constat\u00f3 la ejecuci\u00f3n de una obra y actividades sin autorizaciones correspondientes, por lo que procedi\u00f3 a su clausura, inform\u00f3.<\/p>\n\n\n\n<p>As\u00ed tambi\u00e9n, la Procuradur\u00eda Federal de Protecci\u00f3n al Ambiente inici\u00f3 un procedimiento administrativo por estos actos. \u201cLas Acciones para salvaguardar la integridad del flujo hidrol\u00f3gico en la zona de mangle de la Laguna Manialtepec han iniciado\u201d, indic\u00f3 la instancia federal.<\/p>\n\n\n\n<p>En su denuncia, los defensores de los humedales se\u00f1alaron que la obra pertenec\u00eda presuntamente al ciudadano Javier Santos R\u00edos -del municipio de Villa de Melchor Ocampo- quien es prestador de servicios tur\u00edsticos y est\u00e1 relacionado a grupos delictivos en la zona, por lo que las poblaciones temen por su seguridad.<\/p>\n","protected":false},"excerpt":{"rendered":"<p>Yuridiana Sosa\/Zona Roja. Oaxaca de Ju\u00e1rez, Oax., 27 de diciembre de 2021.- La Procuradur\u00eda Federal&hellip;<\/p>\n","protected":false},"author":2,"featured_media":35827,"comment_status":"closed","ping_status":"open","sticky":false,"template":"","format":"standard","meta":{"_lmt_disableupdate":"","_lmt_disable":"","_jetpack_memberships_contains_paid_content":false,"footnotes":""},"categories":[109,47],"tags":[2983],"class_list":["post-35826","post","type-post","status-publish","format-standard","has-post-thumbnail","hentry","category-minuto-a-minuto","category-zona-gris","tag-lagunas-de-manialtepec"],"jetpack_featured_media_url":"https:\/\/zonaroja.com.mx\/wp-content\/uploads\/2021\/12\/Clausurado-Semarnat-Manialtepec.jpg","jetpack_sharing_enabled":true,"_links":{"self":[{"href":"https:\/\/zonaroja.com.mx\/index.php?rest_route=\/wp\/v2\/posts\/35826","targetHints":{"allow":["GET"]}}],"collection":[{"href":"https:\/\/zonaroja.com.mx\/index.php?rest_route=\/wp\/v2\/posts"}],"about":[{"href":"https:\/\/zonaroja.com.mx\/index.php?rest_route=\/wp\/v2\/types\/post"}],"author":[{"embeddable":true,"href":"https:\/\/zonaroja.com.mx\/index.php?rest_route=\/wp\/v2\/users\/2"}],"replies":[{"embeddable":true,"href":"https:\/\/zonaroja.com.mx\/index.php?rest_route=%2Fwp%2Fv2%2Fcomments&post=35826"}],"version-history":[{"count":1,"href":"https:\/\/zonaroja.com.mx\/index.php?rest_route=\/wp\/v2\/posts\/35826\/revisions"}],"predecessor-version":[{"id":35828,"href":"https:\/\/zonaroja.com.mx\/index.php?rest_route=\/wp\/v2\/posts\/35826\/revisions\/35828"}],"wp:featuredmedia":[{"embeddable":true,"href":"https:\/\/zonaroja.com.mx\/index.php?rest_route=\/wp\/v2\/media\/35827"}],"wp:attachment":[{"href":"https:\/\/zonaroja.com.mx\/index.php?rest_route=%2Fwp%2Fv2%2Fmedia&parent=35826"}],"wp:term":[{"taxonomy":"category","embeddable":true,"href":"https:\/\/zonaroja.com.mx\/index.php?rest_route=%2Fwp%2Fv2%2Fcategories&post=35826"},{"taxonomy":"post_tag","embeddable":true,"href":"https:\/\/zonaroja.com.mx\/index.php?rest_route=%2Fwp%2Fv2%2Ftags&post=35826"}],"curies":[{"name":"wp","href":"https:\/\/api.w.org\/{rel}","templated":true}]}}