{"id":35829,"date":"2021-12-27T17:08:14","date_gmt":"2021-12-27T23:08:14","guid":{"rendered":"http:\/\/www.zonaroja.com.mx\/?p=35829"},"modified":"2021-12-27T17:08:18","modified_gmt":"2021-12-27T23:08:18","slug":"sin-localizacion-ni-justicia-a-4-anos-de-desaparicion-forzada-de-dos-autoridades-de-cajonos","status":"publish","type":"post","link":"https:\/\/zonaroja.com.mx\/?p=35829","title":{"rendered":"Sin localizaci\u00f3n ni justicia, a 4 a\u00f1os de desaparici\u00f3n forzada de dos autoridades de Cajonos"},"content":{"rendered":"\n<p>Yuridiana Sosa\/Zona Roja.<\/p>\n\n\n\n<p>Oaxaca de Ju\u00e1rez, Oax., 27 de diciembre de 2021.- A cuatro a\u00f1os de la desaparici\u00f3n forzada de dos autoridades comunitarias, tras un hecho violento con la poblaci\u00f3n de San Pedro Cajonos, el Comit\u00e9 de Familiares de los Desaparecidos de San Miguel Cajonos denunci\u00f3 la falta de procuraci\u00f3n de justicia por parte de la Fiscal\u00eda General del Estado, al negarse a ejecutar las \u00f3rdenes de aprehensi\u00f3n contra los presuntos responsables.<\/p>\n\n\n\n<p>En conferencia de prensa frente a Palacio de Gobierno en la capital del estado, el representante de las v\u00edctimas de la desaparici\u00f3n, Arturo Ortega, se\u00f1al\u00f3 que la Fiscal\u00eda de Oaxaca refiere que las \u00f3rdenes no se aplican porque no puede ingresar a San Pedro Cajonos, en la regi\u00f3n Sierra Norte, al no existir condiciones de seguridad.<\/p>\n\n\n\n<p>El pasado 27 de diciembre de 2017, habitantes de San Miguel Cajonos fueron atacados por San Pedro en el paraje conocido como \u201cLas Calaveras\u201d, con un saldo de dos personas fallecidas, retenidos y despu\u00e9s, la desaparici\u00f3n del presidente del Comisariado de Bienes Comunales, \u00c1lvaro Bernardo Reyes Cruz y el secretario del Consejo de Vigilancia de San Miguel Cajones, Federico Cruz Morales, hasta hoy sin ser localizados.<\/p>\n\n\n\n<p>Por lo que los familiares exigen una vez m\u00e1s a las autoridades federales de soluci\u00f3n a este problema, as\u00ed como intervenir para consolidar la paz entre las comunidades vecinas, reforzar las investigaciones y se concreten reuniones con las autoridades de San Pedro Cajonos.<\/p>\n\n\n\n<figure class=\"wp-block-embed is-type-rich is-provider-twitter wp-block-embed-twitter\"><div class=\"wp-block-embed__wrapper\">\n<div class=\"twitter-tweet\"><blockquote class=\"twitter-tweet\" data-lang=\"es\"><p lang=\"es\" dir=\"ltr\"><a href=\"https:\/\/twitter.com\/hashtag\/ENVIVO?src=hash&amp;ref_src=twsrc%5Etfw\">#ENVIVO<\/a> <br>Oaxaca de Ju\u00e1rez, Oax., 27 de diciembre de 2021.-Conferencia de prensa de pobladores de San Miguel Cajonos, que exigen aparici\u00f3n de dos personas,desaparecidas hace cuatro a\u00f1os; culpan de inacci\u00f3n a la <a href=\"https:\/\/twitter.com\/FISCALIA_GobOax?ref_src=twsrc%5Etfw\">@FISCALIA_GobOax<\/a>.<br>Siga aqu\u00ed la transmisi\u00f3n:<br>\ud83d\udc47<a href=\"https:\/\/t.co\/HMVkRfjIsJ\">https:\/\/t.co\/HMVkRfjIsJ<\/a> <a href=\"https:\/\/t.co\/bmvDmUvpvA\">pic.twitter.com\/bmvDmUvpvA<\/a><\/p>&mdash; Zona Roja Oaxaca (@Zona_Roja_Oax) <a href=\"https:\/\/twitter.com\/Zona_Roja_Oax\/status\/1475536332718026757?ref_src=twsrc%5Etfw\">27 de diciembre de 2021<\/a><\/blockquote><\/div>\n<\/div><\/figure>\n\n\n\n<p>Recordaron que desde los hechos, su comunidad vecina no ha participado en los encuentros con instancias estatales ni federales.<\/p>\n\n\n\n<p>El comit\u00e9 de los desaparecidos inform\u00f3 que en el transcurso de los esto a\u00f1os solicitaron la intervenci\u00f3n del gobierno federal, a trav\u00e9s de la Procuradur\u00eda General de la Rep\u00fablica y a partir del 2019 se han tenido reuniones con la Fiscal\u00eda General de la Rep\u00fablica, la Secretar\u00eda de Gobernaci\u00f3n, la Comisi\u00f3n nacional de Derechos Humanos, y la Comisi\u00f3n Nacional de B\u00fasqueda.<\/p>\n\n\n\n<p>En conjunto se han realizado operativos de b\u00fasqueda, que hasta hoy no han tenido \u00e9xito, entre las m\u00e1s recientes se encuentran las ejercidas entre el 22 y 26 de noviembre el paraje \u201cPiedras Largas\u201d y \u201cLa Brecha\u201d, que pertenece a la comunidad de Santa Mar\u00eda Yaves\u00eda, cerca del lugar en donde ocurrieron los hechos.<\/p>\n\n\n\n<p>As\u00ed como el 21 de noviembre se reunieron con el Comisionado de Derechos Humanos de la ONU, en busca de su intervenci\u00f3n para la localizaci\u00f3n de sus familiares.<\/p>\n","protected":false},"excerpt":{"rendered":"<p>Yuridiana Sosa\/Zona Roja. Oaxaca de Ju\u00e1rez, Oax., 27 de diciembre de 2021.- A cuatro a\u00f1os&hellip;<\/p>\n","protected":false},"author":2,"featured_media":35830,"comment_status":"closed","ping_status":"open","sticky":false,"template":"","format":"standard","meta":{"_lmt_disableupdate":"","_lmt_disable":"","_jetpack_memberships_contains_paid_content":false,"footnotes":""},"categories":[109,47],"tags":[1205],"class_list":["post-35829","post","type-post","status-publish","format-standard","has-post-thumbnail","hentry","category-minuto-a-minuto","category-zona-gris","tag-san-miguel-cajonos"],"jetpack_featured_media_url":"https:\/\/zonaroja.com.mx\/wp-content\/uploads\/2021\/12\/Denuncia-Cajonos.jpg","jetpack_sharing_enabled":true,"_links":{"self":[{"href":"https:\/\/zonaroja.com.mx\/index.php?rest_route=\/wp\/v2\/posts\/35829","targetHints":{"allow":["GET"]}}],"collection":[{"href":"https:\/\/zonaroja.com.mx\/index.php?rest_route=\/wp\/v2\/posts"}],"about":[{"href":"https:\/\/zonaroja.com.mx\/index.php?rest_route=\/wp\/v2\/types\/post"}],"author":[{"embeddable":true,"href":"https:\/\/zonaroja.com.mx\/index.php?rest_route=\/wp\/v2\/users\/2"}],"replies":[{"embeddable":true,"href":"https:\/\/zonaroja.com.mx\/index.php?rest_route=%2Fwp%2Fv2%2Fcomments&post=35829"}],"version-history":[{"count":1,"href":"https:\/\/zonaroja.com.mx\/index.php?rest_route=\/wp\/v2\/posts\/35829\/revisions"}],"predecessor-version":[{"id":35831,"href":"https:\/\/zonaroja.com.mx\/index.php?rest_route=\/wp\/v2\/posts\/35829\/revisions\/35831"}],"wp:featuredmedia":[{"embeddable":true,"href":"https:\/\/zonaroja.com.mx\/index.php?rest_route=\/wp\/v2\/media\/35830"}],"wp:attachment":[{"href":"https:\/\/zonaroja.com.mx\/index.php?rest_route=%2Fwp%2Fv2%2Fmedia&parent=35829"}],"wp:term":[{"taxonomy":"category","embeddable":true,"href":"https:\/\/zonaroja.com.mx\/index.php?rest_route=%2Fwp%2Fv2%2Fcategories&post=35829"},{"taxonomy":"post_tag","embeddable":true,"href":"https:\/\/zonaroja.com.mx\/index.php?rest_route=%2Fwp%2Fv2%2Ftags&post=35829"}],"curies":[{"name":"wp","href":"https:\/\/api.w.org\/{rel}","templated":true}]}}