{"id":35832,"date":"2021-12-27T22:06:52","date_gmt":"2021-12-28T04:06:52","guid":{"rendered":"http:\/\/www.zonaroja.com.mx\/?p=35832"},"modified":"2021-12-27T22:06:56","modified_gmt":"2021-12-28T04:06:56","slug":"valles-centrales-region-mas-afectada-por-pandemia-50876-contagios-y-2510-muertes","status":"publish","type":"post","link":"https:\/\/zonaroja.com.mx\/?p=35832","title":{"rendered":"Valles Centrales, regi\u00f3n m\u00e1s afectada por pandemia: 50,876 contagios y 2,510 muertes"},"content":{"rendered":"\n<p>Redacci\u00f3n\/Zona Roja.<\/p>\n\n\n\n<p>Oaxaca de Ju\u00e1rez, Oax. 27 de diciembre de 2021.- Los Servicios de Salud de Oaxaca (SSO) indicaron en su informe diario de este lunes, que un total de 78 pacientes se encuentran hospitalizados a causa del Covi-19, por lo que la red m\u00e9dica de manera general se ubic\u00f3 al 18.5% de saturaci\u00f3n, con cuatro centros m\u00e9dicos trabajando al 100% de su capacidad.<\/p>\n\n\n\n<p>En esta actualizaci\u00f3n se notific\u00f3 un total de 73 personas que se contagiaron en los \u00faltimos 14 d\u00edas, residentes de 33 municipios, as\u00ed como nueve casos nuevos, para un total de 83 mil 902 positivos acumulados, mientras tanto la cifra de decesos se mantiene en cinco mil 651, al no reportar defunciones en las \u00faltimas 24 horas.<\/p>\n\n\n\n<p>La Jurisdicci\u00f3n Sanitaria de Valles Centrales, Istmo y Mixteca concentran el mayor n\u00famero de pacientes con la enfermedad en etapa activa, tras notificar 47, 10 y ocho casos, respectivamente; en tanto, Tuxtepec y la Costa suman tres positivos cada uno, y la Sierra dos pacientes.<\/p>\n\n\n\n<p>Sobre los contagios m\u00e1s recientes, la instituci\u00f3n describi\u00f3 que se trata de habitantes de cinco municipios: Heroica Ciudad de Huajuapan de Le\u00f3n y Oaxaca de Ju\u00e1rez con tres casos cada uno, y Salina Cruz, San Agust\u00edn de las Juntas, San Andr\u00e9s Huay\u00e1pam con una notificaci\u00f3n respectivamente.<\/p>\n\n\n\n<figure class=\"wp-block-embed is-type-rich is-provider-twitter wp-block-embed-twitter\"><div class=\"wp-block-embed__wrapper\">\n<div class=\"twitter-tweet\"><blockquote class=\"twitter-tweet\" data-lang=\"es\"><p lang=\"es\" dir=\"ltr\"><a href=\"https:\/\/twitter.com\/hashtag\/%C3%9AltimoMinuto?src=hash&amp;ref_src=twsrc%5Etfw\">#\u00daltimoMinuto<\/a><br>Este lunes, los Servicios de Salud de <a href=\"https:\/\/twitter.com\/hashtag\/Oaxaca?src=hash&amp;ref_src=twsrc%5Etfw\">#Oaxaca<\/a> reportaron 9 casos positivos a Covid y 0 defunciones.<br>Los n\u00fameros totales son 83 mil 902 casos confirmados y 5 mil 651 decesos.<br>Hay 4 nosocomios saturados y la ocupaci\u00f3n hospitalaria promedio es de 18.5%. <a href=\"https:\/\/t.co\/LRG9WPQxLC\">pic.twitter.com\/LRG9WPQxLC<\/a><\/p>&mdash; Zona Roja Oaxaca (@Zona_Roja_Oax) <a href=\"https:\/\/twitter.com\/Zona_Roja_Oax\/status\/1475660225260761096?ref_src=twsrc%5Etfw\">28 de diciembre de 2021<\/a><\/blockquote><\/div>\n<\/div><\/figure>\n\n\n\n<p>Desde el inicio de la emergencia sanitaria en el territorio oaxaque\u00f1o, Valles Centrales se ha mantenido a la encabeza como la zona m\u00e1s afectada, este 27 de diciembre lleg\u00f3 a los 50 mil 876 casos y dos mil 510 muertes, asimismo los hospitales de esta demarcaci\u00f3n se encuentran al 18.6% de saturaci\u00f3n.<\/p>\n\n\n\n<p>El Istmo se ubica en segunda posici\u00f3n con 11 mil 858 casos, mil 206 decesos y 8.3% de ocupaci\u00f3n hospitalaria; seguido de Tuxtepec cinco mil 800 casos, 560 decesos y 20.6% de ocupaci\u00f3n m\u00e9dica; Costa cinco mil 885 casos, 473 decesos y 12.7% de saturaci\u00f3n; Mixteca con seis mil 514 casos, cinco 557 decesos y 54.1% de ocupaci\u00f3n de camas; Sierra 2 mil 969 casos, 325 decesos y 0% de ocupaci\u00f3n de camas.<\/p>\n\n\n\n<p>La instituci\u00f3n asever\u00f3 que la poblaci\u00f3n debe continuar con la aplicaci\u00f3n de las medidas sanitarias, ya que el virus sigue siendo un riesgo para la salud, e insisti\u00f3 en la recomendaci\u00f3n de evitar acudir a lugares aglomerados, poco ventilados, o a reuniones donde no se respete la sana distancia y uso correcto del cubrebocas.<\/p>\n","protected":false},"excerpt":{"rendered":"<p>Redacci\u00f3n\/Zona Roja. Oaxaca de Ju\u00e1rez, Oax. 27 de diciembre de 2021.- Los Servicios de Salud&hellip;<\/p>\n","protected":false},"author":2,"featured_media":35833,"comment_status":"closed","ping_status":"open","sticky":false,"template":"","format":"standard","meta":{"_lmt_disableupdate":"","_lmt_disable":"","_jetpack_memberships_contains_paid_content":false,"footnotes":""},"categories":[109,47],"tags":[1512],"class_list":["post-35832","post","type-post","status-publish","format-standard","has-post-thumbnail","hentry","category-minuto-a-minuto","category-zona-gris","tag-coronavirus-oaxaca"],"jetpack_featured_media_url":"https:\/\/zonaroja.com.mx\/wp-content\/uploads\/2021\/12\/GRAFICA-SSO-1-3.jpg","jetpack_sharing_enabled":true,"_links":{"self":[{"href":"https:\/\/zonaroja.com.mx\/index.php?rest_route=\/wp\/v2\/posts\/35832","targetHints":{"allow":["GET"]}}],"collection":[{"href":"https:\/\/zonaroja.com.mx\/index.php?rest_route=\/wp\/v2\/posts"}],"about":[{"href":"https:\/\/zonaroja.com.mx\/index.php?rest_route=\/wp\/v2\/types\/post"}],"author":[{"embeddable":true,"href":"https:\/\/zonaroja.com.mx\/index.php?rest_route=\/wp\/v2\/users\/2"}],"replies":[{"embeddable":true,"href":"https:\/\/zonaroja.com.mx\/index.php?rest_route=%2Fwp%2Fv2%2Fcomments&post=35832"}],"version-history":[{"count":1,"href":"https:\/\/zonaroja.com.mx\/index.php?rest_route=\/wp\/v2\/posts\/35832\/revisions"}],"predecessor-version":[{"id":35834,"href":"https:\/\/zonaroja.com.mx\/index.php?rest_route=\/wp\/v2\/posts\/35832\/revisions\/35834"}],"wp:featuredmedia":[{"embeddable":true,"href":"https:\/\/zonaroja.com.mx\/index.php?rest_route=\/wp\/v2\/media\/35833"}],"wp:attachment":[{"href":"https:\/\/zonaroja.com.mx\/index.php?rest_route=%2Fwp%2Fv2%2Fmedia&parent=35832"}],"wp:term":[{"taxonomy":"category","embeddable":true,"href":"https:\/\/zonaroja.com.mx\/index.php?rest_route=%2Fwp%2Fv2%2Fcategories&post=35832"},{"taxonomy":"post_tag","embeddable":true,"href":"https:\/\/zonaroja.com.mx\/index.php?rest_route=%2Fwp%2Fv2%2Ftags&post=35832"}],"curies":[{"name":"wp","href":"https:\/\/api.w.org\/{rel}","templated":true}]}}