{"id":35836,"date":"2021-12-28T07:23:51","date_gmt":"2021-12-28T13:23:51","guid":{"rendered":"http:\/\/www.zonaroja.com.mx\/?p=35836"},"modified":"2021-12-28T07:23:54","modified_gmt":"2021-12-28T13:23:54","slug":"contribuye-el-ieepo-a-cultura-de-respeto-y-proteccion-de-derechos-humanos-de-ninez","status":"publish","type":"post","link":"https:\/\/zonaroja.com.mx\/?p=35836","title":{"rendered":"Contribuye el IEEPO a cultura de respeto y protecci\u00f3n de derechos humanos de ni\u00f1ez"},"content":{"rendered":"\n<p>Redacci\u00f3n\/Zona Roja.<\/p>\n\n\n\n<p>Oaxaca de Ju\u00e1rez, Oax., 28 de diciembre de 2021.- En el \u00e1mbito educativo, es fundamental construir una cultura de respeto y protecci\u00f3n a los derechos humanos de ni\u00f1as, ni\u00f1os y adolescentes, por lo que en esta labor, el Instituto Estatal de Educaci\u00f3n P\u00fablica de Oaxaca (IEEPO), colabora con diferentes acciones que contribuyan en este tema y prevengan pr\u00e1cticas discriminatorias en las escuelas de nivel b\u00e1sico.<\/p>\n\n\n\n<p>Una de ellas es el Manual para la Prevenci\u00f3n y Erradicaci\u00f3n de la Discriminaci\u00f3n en Escuelas de Educaci\u00f3n B\u00e1sica, que brinda principalmente al personal que labora en casas y comedores de la ni\u00f1ez ind\u00edgena, estrategias y elementos conceptuales para reconocer y prevenir la discriminaci\u00f3n en el \u00e1mbito escolar, as\u00ed como acciones y actividades que ayudan a erradicarla.<\/p>\n\n\n\n<p>Elaborado en coordinaci\u00f3n con la Asociaci\u00f3n Civil Solidaridad Internacional Kanda (Sikanda) y World Visi\u00f3n M\u00e9xico mediante su programa Campos de Esperanza, el texto proporciona informaci\u00f3n b\u00e1sica para entender la discriminaci\u00f3n, sus or\u00edgenes, las pr\u00e1cticas que la producen y la reproducen, sus causas, efectos y consecuencias en el \u00e1mbito educativo.<\/p>\n\n\n\n<p>Tambi\u00e9n, orienta sobre los tipos de discriminaci\u00f3n en el contexto educativo como son por racismo y nacionalidad, por discapacidad u dificultades de aprendizaje, maternidad y paternidad juvenil o condiciones desfavorables de salud f\u00edsica o mental, pasajera o permanente.<\/p>\n\n\n\n<p>Otras de las propuestas del Manual para la Prevenci\u00f3n y Erradicaci\u00f3n de la Discriminaci\u00f3n en Escuelas de Educaci\u00f3n B\u00e1sica que se encuentra disponible desde el enlace: https:\/\/www.oaxaca.gob.mx\/ieepo\/manual-para-la-prevencion-y-erradicacion-de-la-discriminacion-en-escuelas-de-educacion-basica\/, es la elaboraci\u00f3n de un plan escolar en este tema y el desarrollo de pr\u00e1cticas inclusivas que pongan en el centro de la reflexi\u00f3n como mejorar el proceso de ense\u00f1anza-aprendizaje, de modo que ambos aspectos reflejen los valores inclusivos.<\/p>\n\n\n\n<p>De esta forma, la administraci\u00f3n del gobernador Alejandro Murat Hinojosa, refrenda su compromiso por asegurar una mayor inclusi\u00f3n y equidad en la educaci\u00f3n para la construcci\u00f3n de una sociedad m\u00e1s justa y democr\u00e1tica que contribuya a la transformaci\u00f3n de la entidad y el desarrollo integral de la ni\u00f1ez y adolescencia.<\/p>\n","protected":false},"excerpt":{"rendered":"<p>Redacci\u00f3n\/Zona Roja. Oaxaca de Ju\u00e1rez, Oax., 28 de diciembre de 2021.- En el \u00e1mbito educativo,&hellip;<\/p>\n","protected":false},"author":2,"featured_media":35837,"comment_status":"closed","ping_status":"open","sticky":false,"template":"","format":"standard","meta":{"_lmt_disableupdate":"","_lmt_disable":"","_jetpack_memberships_contains_paid_content":false,"footnotes":""},"categories":[109,46],"tags":[2837],"class_list":["post-35836","post","type-post","status-publish","format-standard","has-post-thumbnail","hentry","category-minuto-a-minuto","category-zona-blanca","tag-instituto-estatal-de-educacion-publica-de-oaxaca-ieepo"],"jetpack_featured_media_url":"https:\/\/zonaroja.com.mx\/wp-content\/uploads\/2021\/12\/Derechos-ninez-educacion.jpg","jetpack_sharing_enabled":true,"_links":{"self":[{"href":"https:\/\/zonaroja.com.mx\/index.php?rest_route=\/wp\/v2\/posts\/35836","targetHints":{"allow":["GET"]}}],"collection":[{"href":"https:\/\/zonaroja.com.mx\/index.php?rest_route=\/wp\/v2\/posts"}],"about":[{"href":"https:\/\/zonaroja.com.mx\/index.php?rest_route=\/wp\/v2\/types\/post"}],"author":[{"embeddable":true,"href":"https:\/\/zonaroja.com.mx\/index.php?rest_route=\/wp\/v2\/users\/2"}],"replies":[{"embeddable":true,"href":"https:\/\/zonaroja.com.mx\/index.php?rest_route=%2Fwp%2Fv2%2Fcomments&post=35836"}],"version-history":[{"count":1,"href":"https:\/\/zonaroja.com.mx\/index.php?rest_route=\/wp\/v2\/posts\/35836\/revisions"}],"predecessor-version":[{"id":35838,"href":"https:\/\/zonaroja.com.mx\/index.php?rest_route=\/wp\/v2\/posts\/35836\/revisions\/35838"}],"wp:featuredmedia":[{"embeddable":true,"href":"https:\/\/zonaroja.com.mx\/index.php?rest_route=\/wp\/v2\/media\/35837"}],"wp:attachment":[{"href":"https:\/\/zonaroja.com.mx\/index.php?rest_route=%2Fwp%2Fv2%2Fmedia&parent=35836"}],"wp:term":[{"taxonomy":"category","embeddable":true,"href":"https:\/\/zonaroja.com.mx\/index.php?rest_route=%2Fwp%2Fv2%2Fcategories&post=35836"},{"taxonomy":"post_tag","embeddable":true,"href":"https:\/\/zonaroja.com.mx\/index.php?rest_route=%2Fwp%2Fv2%2Ftags&post=35836"}],"curies":[{"name":"wp","href":"https:\/\/api.w.org\/{rel}","templated":true}]}}