{"id":35848,"date":"2021-12-28T08:02:44","date_gmt":"2021-12-28T14:02:44","guid":{"rendered":"http:\/\/www.zonaroja.com.mx\/?p=35848"},"modified":"2021-12-28T08:02:47","modified_gmt":"2021-12-28T14:02:47","slug":"engano-morena-con-encuestas-a-aspirantes-ya-habia-designado-candidatos-antes","status":"publish","type":"post","link":"https:\/\/zonaroja.com.mx\/?p=35848","title":{"rendered":"Enga\u00f1\u00f3 Morena con encuestas a aspirantes; ya hab\u00eda designado candidatos antes"},"content":{"rendered":"\n<p>Redacci\u00f3n\/Zona Roja Cdmx.<\/p>\n\n\n\n<p>Ciudad de M\u00e9xico, 28 de diciembre de 2021.- El Comit\u00e9 Ejecutivo Nacional (CEN) y la Comisi\u00f3n de Elecciones de Morena ya ten\u00edan listos los nombres de las y los candidatos del partido para las elecciones de Durango y Oaxaca del pr\u00f3ximo a\u00f1o, d\u00edas antes de que se publicaran los resultados de los ganadores de las encuestas.<\/p>\n\n\n\n<p>Documentos oficiales del partido muestran c\u00f3mo desde el 18 de diciembre Morena ya ten\u00eda registrado el nombre de Alma Marina Vitela c\u00f3mo la \u00fanica precandidata para la contienda electoral por la gubernatura de Durango; de igual manera Salom\u00f3n Jara Cruz para los comicios en Oaxaca.<\/p>\n\n\n\n<p>De acuerdo con el resultado interno y su cotejo con las encuestas espejo de las casas Buend\u00eda y Asociados, Covarrubias y Asociados y Mendoza Blanco y Asociados, en Durango determinaron como ganador a Enr\u00edquez Herrera, sin embargo, por paridad de g\u00e9nero, se inform\u00f3 que la candidatura ser\u00eda otorgada a una mujer, Alma Marina Vitela.<\/p>\n\n\n\n<p>Los resultados de las encuestas internas se presentaron hasta el 22 de diciembre, tres d\u00edas despu\u00e9s de que la Comisi\u00f3n de Elecciones del partido Movimiento de Regeneraci\u00f3n Nacional registr\u00f3 c\u00f3mo precandidatos \u00fanicos de Morena para la gubernatura de Durango y Oaxaca, a Vitela y Jara respectivamente.<\/p>\n\n\n\n<figure class=\"wp-block-image size-full\"><a href=\"http:\/\/www.zonaroja.com.mx\/wp-content\/uploads\/2021\/12\/Candidatos-Morena-3.jpeg\" data-rel=\"penci-gallery-image-content\" ><img decoding=\"async\" width=\"650\" height=\"406\" src=\"http:\/\/www.zonaroja.com.mx\/wp-content\/uploads\/2021\/12\/Candidatos-Morena-3.jpeg\" alt=\"\" class=\"wp-image-35850\" srcset=\"https:\/\/zonaroja.com.mx\/wp-content\/uploads\/2021\/12\/Candidatos-Morena-3.jpeg 650w, https:\/\/zonaroja.com.mx\/wp-content\/uploads\/2021\/12\/Candidatos-Morena-3-300x187.jpeg 300w, https:\/\/zonaroja.com.mx\/wp-content\/uploads\/2021\/12\/Candidatos-Morena-3-585x365.jpeg 585w\" sizes=\"(max-width: 650px) 100vw, 650px\" \/><\/a><\/figure>\n\n\n\n<p>Ambos documentos en poder de ZETA Tijuana se encuentran firmados por el presidente nacional del partido, Mario Delgado Carrillo, por la secretaria general, Minerva Citlalli Hern\u00e1ndez Mora y por tres integrantes de la Comisi\u00f3n de Elecciones.<\/p>\n\n\n\n<p>En el caso de Durango la candidatura estaba en disputa entre el senador Jos\u00e9 Ram\u00f3n Enr\u00edquez Herrera y la alcaldesa de G\u00f3mez Palacio, Alma Marina Vitela Rodr\u00edguez; mientras que en Oaxaca los senadores Salom\u00f3n Jara y Susana Harp se disputaban la candidatura para gobernar el estado.<\/p>\n\n\n\n<p>Ram\u00f3n Enr\u00edquez inform\u00f3 que el domingo present\u00f3 su impugnaci\u00f3n formal ante la Comisi\u00f3n Nacional de Elecciones de Morena, adem\u00e1s amenaz\u00f3 con una caravana que saldr\u00e1 de Durango hasta la sede nacional del partido, para demandar que se respete el resultado de las encuestas.<\/p>\n\n\n\n<p>Por otra parte la senadora Susana Harp Iturribarr\u00eda tambi\u00e9n revel\u00f3 que present\u00f3 un procedimiento de sanci\u00f3n electoral en contra de los resultados de la encuesta de Morena para la candidatura por la gubernatura de Oaxaca.<\/p>\n\n\n\n<p>Adem\u00e1s, arremeti\u00f3 en contra de Mario Delgado al asegurar que la direcci\u00f3n nacional del partido viol\u00f3 los criterios de paridad en el proceso interno de elecci\u00f3n, al no respetar los resultados de las encuestas que la posicionaban como la aspirante a ser la candidata a la gubernatura, m\u00e1s competitiva.<\/p>\n\n\n\n<p>Informaci\u00f3n de \u201cZeta Tijuana\u201d:<\/p>\n\n\n\n<figure class=\"wp-block-embed is-type-wp-embed is-provider-zeta wp-block-embed-zeta\"><div class=\"wp-block-embed__wrapper\">\n<blockquote class=\"wp-embedded-content\" data-secret=\"cRNymPfiNb\"><a href=\"https:\/\/zetatijuana.com\/2021\/12\/morena-designo-candidatos-para-oaxaca-y-durango-antes-de-los-resultados-de-las-encuestas\/\">Morena design\u00f3 candidatos para Oaxaca y Durango antes de los resultados de las encuestas<\/a><\/blockquote><iframe class=\"wp-embedded-content\" sandbox=\"allow-scripts\" security=\"restricted\" style=\"position: absolute; clip: rect(1px, 1px, 1px, 1px);\" title=\"&#8220;Morena design\u00f3 candidatos para Oaxaca y Durango antes de los resultados de las encuestas&#8221; &#8212; ZETA\" src=\"https:\/\/zetatijuana.com\/2021\/12\/morena-designo-candidatos-para-oaxaca-y-durango-antes-de-los-resultados-de-las-encuestas\/embed\/#?secret=cRNymPfiNb\" data-secret=\"cRNymPfiNb\" width=\"600\" height=\"338\" frameborder=\"0\" marginwidth=\"0\" marginheight=\"0\" scrolling=\"no\"><\/iframe>\n<\/div><\/figure>\n","protected":false},"excerpt":{"rendered":"<p>Redacci\u00f3n\/Zona Roja Cdmx. Ciudad de M\u00e9xico, 28 de diciembre de 2021.- El Comit\u00e9 Ejecutivo Nacional&hellip;<\/p>\n","protected":false},"author":2,"featured_media":35849,"comment_status":"closed","ping_status":"open","sticky":false,"template":"","format":"standard","meta":{"_lmt_disableupdate":"","_lmt_disable":"","_jetpack_memberships_contains_paid_content":false,"footnotes":""},"categories":[1],"tags":[1685],"class_list":["post-35848","post","type-post","status-publish","format-standard","has-post-thumbnail","hentry","category-sin-categoria","tag-susana-harp-iturribarria"],"jetpack_featured_media_url":"https:\/\/zonaroja.com.mx\/wp-content\/uploads\/2021\/12\/Documentos-designaciones-Morena.jpg","jetpack_sharing_enabled":true,"_links":{"self":[{"href":"https:\/\/zonaroja.com.mx\/index.php?rest_route=\/wp\/v2\/posts\/35848","targetHints":{"allow":["GET"]}}],"collection":[{"href":"https:\/\/zonaroja.com.mx\/index.php?rest_route=\/wp\/v2\/posts"}],"about":[{"href":"https:\/\/zonaroja.com.mx\/index.php?rest_route=\/wp\/v2\/types\/post"}],"author":[{"embeddable":true,"href":"https:\/\/zonaroja.com.mx\/index.php?rest_route=\/wp\/v2\/users\/2"}],"replies":[{"embeddable":true,"href":"https:\/\/zonaroja.com.mx\/index.php?rest_route=%2Fwp%2Fv2%2Fcomments&post=35848"}],"version-history":[{"count":1,"href":"https:\/\/zonaroja.com.mx\/index.php?rest_route=\/wp\/v2\/posts\/35848\/revisions"}],"predecessor-version":[{"id":35851,"href":"https:\/\/zonaroja.com.mx\/index.php?rest_route=\/wp\/v2\/posts\/35848\/revisions\/35851"}],"wp:featuredmedia":[{"embeddable":true,"href":"https:\/\/zonaroja.com.mx\/index.php?rest_route=\/wp\/v2\/media\/35849"}],"wp:attachment":[{"href":"https:\/\/zonaroja.com.mx\/index.php?rest_route=%2Fwp%2Fv2%2Fmedia&parent=35848"}],"wp:term":[{"taxonomy":"category","embeddable":true,"href":"https:\/\/zonaroja.com.mx\/index.php?rest_route=%2Fwp%2Fv2%2Fcategories&post=35848"},{"taxonomy":"post_tag","embeddable":true,"href":"https:\/\/zonaroja.com.mx\/index.php?rest_route=%2Fwp%2Fv2%2Ftags&post=35848"}],"curies":[{"name":"wp","href":"https:\/\/api.w.org\/{rel}","templated":true}]}}