{"id":3585,"date":"2019-09-01T15:03:39","date_gmt":"2019-09-01T20:03:39","guid":{"rendered":"http:\/\/www.zonaroja.com.mx\/?p=3585"},"modified":"2019-09-01T15:03:42","modified_gmt":"2019-09-01T20:03:42","slug":"la-enesima-masacre-en-texas-van-7-muertos-y-21-heridos","status":"publish","type":"post","link":"https:\/\/zonaroja.com.mx\/?p=3585","title":{"rendered":"La en\u00e9sima masacre en Texas: van 7 muertos y 21 heridos"},"content":{"rendered":"\n<p>Redacci\u00f2n\/Zona Roja Cdmx.<\/p>\n\n\n\n<p>Ciudad de M\u00e9xico, 1 de septiembre de\n2019.- El en\u00e9simo ataque armado en el estado de Texas, Estados Unidos de\nNorteam\u00e9rica, ha dejado como saldo hasta este domingo de siete personas\nasesinadas y 21 lesionadas.<\/p>\n\n\n\n<p>De acuerdo con agencias\ninternacionales, el ataque ocurri\u00f3 ayer entre las localidades de Odessa y\nMidland, donde un individuo que fue abatido, dispar\u00f3 en contra de la gente.<\/p>\n\n\n\n<p>\u00abUn sujeto &#8211;posiblemente dos&#8211;\nest\u00e1 conduciendo actualmente por Odessa disparando a personas al azar. En este\nmomento hay m\u00faltiples v\u00edctimas de disparos. Todas las fuerzas del orden est\u00e1n\nbuscando al sospechoso\u00bb, inform\u00f3 de manera preliminar la Polic\u00eda de Odessa.<\/p>\n\n\n\n<p>En tanto las autoridades de Midland informaron\nque uno de los autores de este tiroteo fue abatido en la poblaci\u00f3n de Odessa y se\u00f1al\u00f3\nque no hay \u00abning\u00fan tirador activo en este momento\u00bb.<\/p>\n\n\n\n<p>En un primer momento se inform\u00f3 de uno\no dos tiradores y falta a\u00fan por confirmar esta informaci\u00f3n, seg\u00fan recoge la\ncadena de televisi\u00f3n CBS7.<\/p>\n\n\n\n<p>\u00abCreemos que hay dos tiradores en\ndos veh\u00edculos distintos\u00bb, explicaba un portavoz policial que aport\u00f3 la\nmarca y color de los dos veh\u00edculos. \u00abPor favor, mant\u00e9nganse alejados de\nestas zonas y permanezcan en sus casas\u00bb, concluy\u00f3. Hasta este domingo las\ninvestigaciones contin\u00faan.<\/p>\n","protected":false},"excerpt":{"rendered":"<p>Redacci\u00f2n\/Zona Roja Cdmx. Ciudad de M\u00e9xico, 1 de septiembre de 2019.- El en\u00e9simo ataque armado&hellip;<\/p>\n","protected":false},"author":2,"featured_media":3586,"comment_status":"closed","ping_status":"open","sticky":false,"template":"","format":"standard","meta":{"_lmt_disableupdate":"","_lmt_disable":"","_jetpack_memberships_contains_paid_content":false,"footnotes":""},"categories":[109,51],"tags":[650],"class_list":["post-3585","post","type-post","status-publish","format-standard","has-post-thumbnail","hentry","category-minuto-a-minuto","category-zona-roja","tag-masacre-en-texas"],"jetpack_featured_media_url":"https:\/\/zonaroja.com.mx\/wp-content\/uploads\/2019\/09\/masacre-texas-screenshot.jpg","jetpack_sharing_enabled":true,"_links":{"self":[{"href":"https:\/\/zonaroja.com.mx\/index.php?rest_route=\/wp\/v2\/posts\/3585","targetHints":{"allow":["GET"]}}],"collection":[{"href":"https:\/\/zonaroja.com.mx\/index.php?rest_route=\/wp\/v2\/posts"}],"about":[{"href":"https:\/\/zonaroja.com.mx\/index.php?rest_route=\/wp\/v2\/types\/post"}],"author":[{"embeddable":true,"href":"https:\/\/zonaroja.com.mx\/index.php?rest_route=\/wp\/v2\/users\/2"}],"replies":[{"embeddable":true,"href":"https:\/\/zonaroja.com.mx\/index.php?rest_route=%2Fwp%2Fv2%2Fcomments&post=3585"}],"version-history":[{"count":1,"href":"https:\/\/zonaroja.com.mx\/index.php?rest_route=\/wp\/v2\/posts\/3585\/revisions"}],"predecessor-version":[{"id":3587,"href":"https:\/\/zonaroja.com.mx\/index.php?rest_route=\/wp\/v2\/posts\/3585\/revisions\/3587"}],"wp:featuredmedia":[{"embeddable":true,"href":"https:\/\/zonaroja.com.mx\/index.php?rest_route=\/wp\/v2\/media\/3586"}],"wp:attachment":[{"href":"https:\/\/zonaroja.com.mx\/index.php?rest_route=%2Fwp%2Fv2%2Fmedia&parent=3585"}],"wp:term":[{"taxonomy":"category","embeddable":true,"href":"https:\/\/zonaroja.com.mx\/index.php?rest_route=%2Fwp%2Fv2%2Fcategories&post=3585"},{"taxonomy":"post_tag","embeddable":true,"href":"https:\/\/zonaroja.com.mx\/index.php?rest_route=%2Fwp%2Fv2%2Ftags&post=3585"}],"curies":[{"name":"wp","href":"https:\/\/api.w.org\/{rel}","templated":true}]}}