{"id":35855,"date":"2021-12-28T08:23:21","date_gmt":"2021-12-28T14:23:21","guid":{"rendered":"http:\/\/www.zonaroja.com.mx\/?p=35855"},"modified":"2021-12-28T08:23:24","modified_gmt":"2021-12-28T14:23:24","slug":"electrica-de-francia-no-puede-iniciar-accion-en-istmo-por-suspension-de-plano","status":"publish","type":"post","link":"https:\/\/zonaroja.com.mx\/?p=35855","title":{"rendered":"El\u00e9ctrica de Francia no puede iniciar acci\u00f3n en Istmo, por suspensi\u00f3n de plano"},"content":{"rendered":"\n<p>Redacci\u00f3n\/Zona Roja.<\/p>\n\n\n\n<p>Oaxaca de Ju\u00e1rez, Oax., 28 de diciembre de 2021.- El pasado primero de diciembre de 2021, el Tribunal Civil de Par\u00eds, Francia desestim\u00f3 por motivos de formalidad procesal la solicitud de suspensi\u00f3n del parque E\u00f3lico \u201cGunna Sicar\u00fa\u201d, de Comuneros de Uni\u00f3n Hidalgo interpuesta en ese pa\u00eds.<\/p>\n\n\n\n<p>Ante este anuncio la autoridad municipal de Uni\u00f3n Hidalgo, C\u00e9sar Carrasco Vicente, por medio de un oficio, solicit\u00f3 a la Secretar\u00eda de Energ\u00eda la reanudaci\u00f3n de la Consulta Ind\u00edgena con el argumento de que el estado de Oaxaca y el Istmo de Tehuantepec ya presentan sem\u00e1foro verde para poder realizar la Consulta.<\/p>\n\n\n\n<p>En el caso de este parque e\u00f3lico, que pretende instalarse en tierras comunales de Juchit\u00e1n de Zaragoza, existen dos suspensiones que impiden a la empresa poder realizar cualquier acci\u00f3n sobre los terrenos comunales.<\/p>\n\n\n\n<p>La primera, otorgada desde el 5 de mayo de 2018, se ejecuta en la suspensi\u00f3n de la Manifestaci\u00f3n de Impacto Ambiental; y la segunda, es la suspensi\u00f3n de plano, que el pasado lunes 6 de septiembre de 2021 el tribunal colegiado de Oaxaca del d\u00e9cimo tercer circuito, otorg\u00f3 por unanimidad la comunidad agraria de Juchit\u00e1n de Zaragoza, Oaxaca y sus anexos, Santa Mar\u00eda Xadani, Uni\u00f3n Hidalgo, Chicapa de Castro, Espinal y La Ventosa.<\/p>\n\n\n\n<p>La suspensi\u00f3n de plano al amparo 302\/2020 con fundamento en el art. 126 de la Ley de Amparo, presentado por comuneros de la comunidad agraria de Juchit\u00e1n sobre el proyecto e\u00f3lico Gunaa Sicar\u00fa, de la empresa Energies Nouvelles Group (EDF-Energ\u00eda de Francia), precis\u00f3 a las autoridades responsables de otorgar permisos se abstengan de ejecutar actos sobre las tierras de uso com\u00fan, con motivo de los trabajos relativos a la construcci\u00f3n de un campo e\u00f3lico denominado Gunaa Sicar\u00fa.<\/p>\n\n\n\n<p>Las suspensiones mencionadas, confirman que se ha tenido que recurrir a juicios para defender nuestro territorio y que ninguna autoridad puede, en este momento, autorizar la realizaci\u00f3n de acci\u00f3n alguna en los terrenos comunales de Juchit\u00e1n de Zaragoza, Oaxaca.<\/p>\n\n\n\n<p>As\u00ed mismo exigimos a las autoridades respeten y hagan respeta la suspensi\u00f3n de plano otorgada por el Tribunal Colegiado; y adem\u00e1s exigimos que cesen las amenazas y el hostigamiento a los comuneros y defensores del territorio en el Istmo de Tehuantepec, y se otorguen las garant\u00edas y la protecci\u00f3n para ejercer nuestro derecho a la libre determinaci\u00f3n.<\/p>\n\n\n\n<p>(Comunicado de laAsamblea de los Pueblos Ind\u00edgenas del Istmo en Defensa de la Tierra y el Territorio. APIIDTT).<\/p>\n","protected":false},"excerpt":{"rendered":"<p>Redacci\u00f3n\/Zona Roja. Oaxaca de Ju\u00e1rez, Oax., 28 de diciembre de 2021.- El pasado primero de&hellip;<\/p>\n","protected":false},"author":2,"featured_media":9809,"comment_status":"closed","ping_status":"open","sticky":false,"template":"","format":"standard","meta":{"_lmt_disableupdate":"","_lmt_disable":"","_jetpack_memberships_contains_paid_content":false,"footnotes":""},"categories":[109,47],"tags":[2100],"class_list":["post-35855","post","type-post","status-publish","format-standard","has-post-thumbnail","hentry","category-minuto-a-minuto","category-zona-gris","tag-eolica-gunna-sicaru-union-hidalgo"],"jetpack_featured_media_url":"https:\/\/zonaroja.com.mx\/wp-content\/uploads\/2020\/03\/E\u00f3lica-Uni\u00f3n-Hidalgo.jpg","jetpack_sharing_enabled":true,"_links":{"self":[{"href":"https:\/\/zonaroja.com.mx\/index.php?rest_route=\/wp\/v2\/posts\/35855","targetHints":{"allow":["GET"]}}],"collection":[{"href":"https:\/\/zonaroja.com.mx\/index.php?rest_route=\/wp\/v2\/posts"}],"about":[{"href":"https:\/\/zonaroja.com.mx\/index.php?rest_route=\/wp\/v2\/types\/post"}],"author":[{"embeddable":true,"href":"https:\/\/zonaroja.com.mx\/index.php?rest_route=\/wp\/v2\/users\/2"}],"replies":[{"embeddable":true,"href":"https:\/\/zonaroja.com.mx\/index.php?rest_route=%2Fwp%2Fv2%2Fcomments&post=35855"}],"version-history":[{"count":1,"href":"https:\/\/zonaroja.com.mx\/index.php?rest_route=\/wp\/v2\/posts\/35855\/revisions"}],"predecessor-version":[{"id":35856,"href":"https:\/\/zonaroja.com.mx\/index.php?rest_route=\/wp\/v2\/posts\/35855\/revisions\/35856"}],"wp:featuredmedia":[{"embeddable":true,"href":"https:\/\/zonaroja.com.mx\/index.php?rest_route=\/wp\/v2\/media\/9809"}],"wp:attachment":[{"href":"https:\/\/zonaroja.com.mx\/index.php?rest_route=%2Fwp%2Fv2%2Fmedia&parent=35855"}],"wp:term":[{"taxonomy":"category","embeddable":true,"href":"https:\/\/zonaroja.com.mx\/index.php?rest_route=%2Fwp%2Fv2%2Fcategories&post=35855"},{"taxonomy":"post_tag","embeddable":true,"href":"https:\/\/zonaroja.com.mx\/index.php?rest_route=%2Fwp%2Fv2%2Ftags&post=35855"}],"curies":[{"name":"wp","href":"https:\/\/api.w.org\/{rel}","templated":true}]}}