{"id":35858,"date":"2021-12-28T13:34:53","date_gmt":"2021-12-28T19:34:53","guid":{"rendered":"https:\/\/www.zonaroja.com.mx\/?p=35858"},"modified":"2021-12-28T13:34:58","modified_gmt":"2021-12-28T19:34:58","slug":"reportan-la-desaparicion-de-ex-directora-del-maco","status":"publish","type":"post","link":"https:\/\/zonaroja.com.mx\/?p=35858","title":{"rendered":"Reportan la desaparici\u00f3n de ex directora del MACO"},"content":{"rendered":"\n<p>Redacci\u00f3n\/Informativo 570.<\/p>\n\n\n\n<p>Oaxaca de Ju\u00e1rez, Oax., 28 de diciembre de 2021.- La ex directora del Museo de Arte Contempor\u00e1neo de Oaxaca (MACO) y l\u00edder del movimiento en resistencia, Cecilia Graciela Ming\u00fcer Vargas, fue reportada como no localizada. <\/p>\n\n\n\n<p>La Fiscal\u00eda General de Oaxaca emiti\u00f3 una ficha de b\u00fasqueda a favor de la mujer, quien fue vista por \u00faltima ocasi\u00f3n el 25 de diciembre en el Infonavit Primero de Mayo de esta ciudad capital. <\/p>\n\n\n\n<p>Ming\u00fcer Vargas, quien lidera la protesta de un grupo de empleados del MACO por sus salarios ca\u00eddos desde 2020, como se\u00f1as particulares, tiene verrugas en la cara, describe la ficha de localizaci\u00f3n de la Unidad de B\u00fasqueda de Personas Desaparecidas y No Localizadas de la FGO. <\/p>\n\n\n\n<p>De acuerdo con informaci\u00f3n oficial, este martes, familiares de la ex directora del MACO, acudieron a presentar la denuncia correspondiente para la b\u00fasqueda. <\/p>\n","protected":false},"excerpt":{"rendered":"<p>Redacci\u00f3n\/Informativo 570. Oaxaca de Ju\u00e1rez, Oax., 28 de diciembre de 2021.- La ex directora del&hellip;<\/p>\n","protected":false},"author":2,"featured_media":35857,"comment_status":"closed","ping_status":"open","sticky":false,"template":"","format":"standard","meta":{"_lmt_disableupdate":"","_lmt_disable":"","_jetpack_memberships_contains_paid_content":false,"footnotes":""},"categories":[109,47],"tags":[],"class_list":["post-35858","post","type-post","status-publish","format-standard","has-post-thumbnail","hentry","category-minuto-a-minuto","category-zona-gris"],"jetpack_featured_media_url":"https:\/\/zonaroja.com.mx\/wp-content\/uploads\/2021\/12\/img_0843.jpg","jetpack_sharing_enabled":true,"_links":{"self":[{"href":"https:\/\/zonaroja.com.mx\/index.php?rest_route=\/wp\/v2\/posts\/35858","targetHints":{"allow":["GET"]}}],"collection":[{"href":"https:\/\/zonaroja.com.mx\/index.php?rest_route=\/wp\/v2\/posts"}],"about":[{"href":"https:\/\/zonaroja.com.mx\/index.php?rest_route=\/wp\/v2\/types\/post"}],"author":[{"embeddable":true,"href":"https:\/\/zonaroja.com.mx\/index.php?rest_route=\/wp\/v2\/users\/2"}],"replies":[{"embeddable":true,"href":"https:\/\/zonaroja.com.mx\/index.php?rest_route=%2Fwp%2Fv2%2Fcomments&post=35858"}],"version-history":[{"count":1,"href":"https:\/\/zonaroja.com.mx\/index.php?rest_route=\/wp\/v2\/posts\/35858\/revisions"}],"predecessor-version":[{"id":35859,"href":"https:\/\/zonaroja.com.mx\/index.php?rest_route=\/wp\/v2\/posts\/35858\/revisions\/35859"}],"wp:featuredmedia":[{"embeddable":true,"href":"https:\/\/zonaroja.com.mx\/index.php?rest_route=\/wp\/v2\/media\/35857"}],"wp:attachment":[{"href":"https:\/\/zonaroja.com.mx\/index.php?rest_route=%2Fwp%2Fv2%2Fmedia&parent=35858"}],"wp:term":[{"taxonomy":"category","embeddable":true,"href":"https:\/\/zonaroja.com.mx\/index.php?rest_route=%2Fwp%2Fv2%2Fcategories&post=35858"},{"taxonomy":"post_tag","embeddable":true,"href":"https:\/\/zonaroja.com.mx\/index.php?rest_route=%2Fwp%2Fv2%2Ftags&post=35858"}],"curies":[{"name":"wp","href":"https:\/\/api.w.org\/{rel}","templated":true}]}}