{"id":35865,"date":"2021-12-28T20:17:00","date_gmt":"2021-12-29T02:17:00","guid":{"rendered":"http:\/\/www.zonaroja.com.mx\/?p=35865"},"modified":"2021-12-28T20:17:04","modified_gmt":"2021-12-29T02:17:04","slug":"denuncian-agresion-armada-y-encubrimiento-de-funcionario-de-sapao-y-agente-de-viguera","status":"publish","type":"post","link":"https:\/\/zonaroja.com.mx\/?p=35865","title":{"rendered":"Denuncian agresi\u00f3n armada y encubrimiento de funcionario de SAPAO y agente de Viguera"},"content":{"rendered":"\n<p>Yuridiana Sosa\/Zona Roja.<\/p>\n\n\n\n<p>Oaxaca de Ju\u00e1rez, Oax., 28 de diciembre de 2021.- Habitantes de la agencia de Trinidad de Viguera, de Oaxaca de Ju\u00e1rez, denunciaron la agresi\u00f3n armada e intento de asesinato por parte de un funcionario de SAPAO, quien es encubierto de las investigaciones por su hermano, el agente municipal, Francisco Hern\u00e1ndez Ben\u00edtez.<\/p>\n\n\n\n<p>Los ciudadanos afectados, Jes\u00fas Emmanuel Fuentes Z\u00e1rate y Carlos Alberto Casaus, se\u00f1alaron que ante las influencias de los implicados, las indagatorias de la Fiscal\u00eda General de Oaxaca se encuentran estancadas, por lo que demandaron al fiscal Arturo Peimbert Calvo revisar el caso.<\/p>\n\n\n\n<p>La agresi\u00f3n se registr\u00f3 el pasado 12 de diciembre en la agencia de Viguera, cuando Carlos Alberto en compa\u00f1\u00eda de Jes\u00fas Emmanuel y otra persona, acudieron a reclamarle a Joaqu\u00edn Hern\u00e1ndez, funcionario de Servicios de Agua Potable y Alcantarillado de Oaxaca (SAPAO), por haber agredido con una cachetada a un menor de 14 a\u00f1os, hijo de Carlos Alberto.<\/p>\n\n\n\n<figure class=\"wp-block-embed is-type-rich is-provider-twitter wp-block-embed-twitter\"><div class=\"wp-block-embed__wrapper\">\n<div class=\"twitter-tweet\"><blockquote class=\"twitter-tweet\" data-lang=\"es\"><p lang=\"es\" dir=\"ltr\"><a href=\"https:\/\/twitter.com\/hashtag\/ENVIVO?src=hash&amp;ref_src=twsrc%5Etfw\">#ENVIVO<\/a> <br>Denuncian a Francisco Hern\u00e1ndez Ben\u00edtez, agente municipal de Trinidad de Viguera, por proteger a su hermano Joaqu\u00edn, que agredi\u00f3 a balazos a varias personas; la <a href=\"https:\/\/twitter.com\/FISCALIA_GobOax?ref_src=twsrc%5Etfw\">@FISCALIA_GobOax<\/a> retrasa las investigaciones. <br><br>Aqu\u00ed la transmisi\u00f3n:<br>\ud83d\udc47<a href=\"https:\/\/t.co\/nEyk33ZIh7\">https:\/\/t.co\/nEyk33ZIh7<\/a> <a href=\"https:\/\/t.co\/gCEDP51TxZ\">pic.twitter.com\/gCEDP51TxZ<\/a><\/p>&mdash; Zona Roja Oaxaca (@Zona_Roja_Oax) <a href=\"https:\/\/twitter.com\/Zona_Roja_Oax\/status\/1475888532237570052?ref_src=twsrc%5Etfw\">28 de diciembre de 2021<\/a><\/blockquote><\/div>\n<\/div><\/figure>\n\n\n\n<p>El hermano del agente se encontraba armado, por lo que les dispar\u00f3, hiri\u00e9ndolos en el tobillo y pierna, detallaron las v\u00edctimas en conferencia de prensa en el z\u00f3calo de la ciudad.<\/p>\n\n\n\n<p>De manera inmediata, tras la agresi\u00f3n, el agente de Viguera mand\u00f3 a retirar las c\u00e1maras de seguridad del sitio y a levantar los casquillos percutidos, por lo que al llegar personal de la Agencia Estatal de Investigaciones (AEI) no encontraron evidencia.<\/p>\n\n\n\n<p>Por estos hechos, los afectados tambi\u00e9n demandaron al presidente electo de la capital, Francisco Mart\u00ednez Neri, que al tomar su cargo considere la destituci\u00f3n de la autoridad auxiliar.<\/p>\n\n\n\n<p>Los agredidos indicaron que temen por su seguridad, pues el agente y su hermano son considerados como personas violentas.<\/p>\n","protected":false},"excerpt":{"rendered":"<p>Yuridiana Sosa\/Zona Roja. Oaxaca de Ju\u00e1rez, Oax., 28 de diciembre de 2021.- Habitantes de la&hellip;<\/p>\n","protected":false},"author":2,"featured_media":35866,"comment_status":"closed","ping_status":"open","sticky":false,"template":"","format":"standard","meta":{"_lmt_disableupdate":"","_lmt_disable":"","_jetpack_memberships_contains_paid_content":false,"footnotes":""},"categories":[109,47],"tags":[233],"class_list":["post-35865","post","type-post","status-publish","format-standard","has-post-thumbnail","hentry","category-minuto-a-minuto","category-zona-gris","tag-trinidad-de-viguera"],"jetpack_featured_media_url":"https:\/\/zonaroja.com.mx\/wp-content\/uploads\/2021\/12\/Conferencia-zocalo-caso-Viguera.jpg","jetpack_sharing_enabled":true,"_links":{"self":[{"href":"https:\/\/zonaroja.com.mx\/index.php?rest_route=\/wp\/v2\/posts\/35865","targetHints":{"allow":["GET"]}}],"collection":[{"href":"https:\/\/zonaroja.com.mx\/index.php?rest_route=\/wp\/v2\/posts"}],"about":[{"href":"https:\/\/zonaroja.com.mx\/index.php?rest_route=\/wp\/v2\/types\/post"}],"author":[{"embeddable":true,"href":"https:\/\/zonaroja.com.mx\/index.php?rest_route=\/wp\/v2\/users\/2"}],"replies":[{"embeddable":true,"href":"https:\/\/zonaroja.com.mx\/index.php?rest_route=%2Fwp%2Fv2%2Fcomments&post=35865"}],"version-history":[{"count":1,"href":"https:\/\/zonaroja.com.mx\/index.php?rest_route=\/wp\/v2\/posts\/35865\/revisions"}],"predecessor-version":[{"id":35867,"href":"https:\/\/zonaroja.com.mx\/index.php?rest_route=\/wp\/v2\/posts\/35865\/revisions\/35867"}],"wp:featuredmedia":[{"embeddable":true,"href":"https:\/\/zonaroja.com.mx\/index.php?rest_route=\/wp\/v2\/media\/35866"}],"wp:attachment":[{"href":"https:\/\/zonaroja.com.mx\/index.php?rest_route=%2Fwp%2Fv2%2Fmedia&parent=35865"}],"wp:term":[{"taxonomy":"category","embeddable":true,"href":"https:\/\/zonaroja.com.mx\/index.php?rest_route=%2Fwp%2Fv2%2Fcategories&post=35865"},{"taxonomy":"post_tag","embeddable":true,"href":"https:\/\/zonaroja.com.mx\/index.php?rest_route=%2Fwp%2Fv2%2Ftags&post=35865"}],"curies":[{"name":"wp","href":"https:\/\/api.w.org\/{rel}","templated":true}]}}