{"id":35868,"date":"2021-12-28T21:01:28","date_gmt":"2021-12-29T03:01:28","guid":{"rendered":"http:\/\/www.zonaroja.com.mx\/?p=35868"},"modified":"2021-12-28T21:01:32","modified_gmt":"2021-12-29T03:01:32","slug":"tras-renuncia-voluntaria-de-5-funcionarios-el-ieepco-designa-reemplazos","status":"publish","type":"post","link":"https:\/\/zonaroja.com.mx\/?p=35868","title":{"rendered":"Tras renuncia voluntaria de 5 funcionarios, el IEEPCO designa reemplazos"},"content":{"rendered":"\n<p>Redacci\u00f3n\/Zona Roja.<\/p>\n\n\n\n<p>Oaxaca de Ju\u00e1rez, Oax., 28 de diciembre de 2021.- Luego de la renuncia voluntaria de cinco funcionarios, la presidenta del Instituto Estatal Electoral y de Participaci\u00f3n Ciudadana de Oaxaca (IEEPCO), Elizabeth S\u00e1nchez Gonz\u00e1lez, realiz\u00f3 las designaciones correspondientes.<\/p>\n\n\n\n<p>La noche del domingo, Luis Miguel Santib\u00e1\u00f1ez Su\u00e1rez dimiti\u00f3 al cargo de secretario Ejecutivo y su escrito de renuncia lo hizo a trav\u00e9s de las redes sociales.<\/p>\n\n\n\n<p>Ayer lunes, presentaron su renuncia correspondiente a las direcciones Ejecutiva de Organizaci\u00f3n y Capacitaci\u00f3n Electoral, Gabriela G\u00f3mez Esteban; de Prerrogativas, Partidos Pol\u00edticos y Candidatos Independientes, Zaira Tello Hern\u00e1ndez.<\/p>\n\n\n\n<p>Asimismo, a la de Educaci\u00f3n C\u00edvica y Participaci\u00f3n Ciudadana, Minerva Patricia R\u00edos Padilla, y a la Unidad T\u00e9cnica Jur\u00eddica y de lo Contencioso Electoral, Diego Antonio L\u00f3pez.<\/p>\n\n\n\n<p>De acuerdo con un comunicado de prensa del IEEPCO, este martes Elizabeth S\u00e1nchez Gonz\u00e1lez design\u00f3 a Monivet Shaley L\u00f3pez Garc\u00eda, como encargada de despacho de la Secretar\u00eda Ejecutiva.<\/p>\n\n\n\n<p>L\u00f3pez Garc\u00eda es maestrante del Master Interdisciplinar en el Estudio y Prevenci\u00f3n de la Violencia de G\u00e9nero de la Universidad de Salamanca, Espa\u00f1a; cuenta con maestr\u00edas en L\u00f3gica y Filosof\u00eda de la Ciencia, por las Universidades de Salamanca, Laguna, Granada y Valladolid en Espa\u00f1a; Derechos Fundamentales, por la Universidad Carlos III de Madrid; y Derecho con Especializaci\u00f3n en Litigaci\u00f3n Oral por la California Western School of Law, San Diego, California, EE.UU, entre otros estudios.<\/p>\n\n\n\n<figure class=\"wp-block-embed is-type-rich is-provider-twitter wp-block-embed-twitter\"><div class=\"wp-block-embed__wrapper\">\n<div class=\"twitter-tweet\"><blockquote class=\"twitter-tweet\" data-lang=\"es\"><p lang=\"es\" dir=\"ltr\">En la sesi\u00f3n extraordinaria de ayer, se dio a conocer la renuncia voluntaria de cuatro directores de \u00e1rea del <a href=\"https:\/\/twitter.com\/IEEPCO?ref_src=twsrc%5Etfw\">@IEEPCO<\/a>, Diego L\u00f3pez, Zayra Tello, Gabriela G\u00f3mez y Patricia R\u00edos, allegados a Luis Miguel Santib\u00e1\u00f1ez, quien la v\u00edspera tambi\u00e9n dimiti\u00f3. <a href=\"https:\/\/t.co\/Y6ef1GIITm\">pic.twitter.com\/Y6ef1GIITm<\/a><\/p>&mdash; Zona Roja Oaxaca (@Zona_Roja_Oax) <a href=\"https:\/\/twitter.com\/Zona_Roja_Oax\/status\/1475972078788567043?ref_src=twsrc%5Etfw\">28 de diciembre de 2021<\/a><\/blockquote><\/div>\n<\/div><\/figure>\n\n\n\n<p>Tambi\u00e9n fue designada Luisa Rebeca Garza L\u00f3pez, como encargada de despacho de la Direcci\u00f3n Ejecutiva de Educaci\u00f3n C\u00edvica y de Participaci\u00f3n Ciudadana, y Jos\u00e9 Francisco Rocha Anguiano, como encargado de despacho de la Direcci\u00f3n Ejecutiva de Organizaci\u00f3n y Capacitaci\u00f3n, quienes cuentan con amplia experiencia en el \u00e1rea electoral tras realizar trabajo previo en el Instituto Nacional Electoral (INE).&nbsp;<\/p>\n\n\n\n<p>Mientras que, Freddie Aguilar Aguilar fue designado como encargado de despacho de la Direcci\u00f3n Ejecutiva Prerrogativas, Partidos Pol\u00edticos y Candidatos Independientes, quien cuenta con amplia trayectoria al interior del \u00f3rgano electoral local.&nbsp;<\/p>\n\n\n\n<p>La consejera presidenta del IEEPCO, Elizabeth S\u00e1nchez Gonz\u00e1lez, neg\u00f3 que el Instituto se encuentre en crisis, por el contrario, asegur\u00f3 que los cambios traen consigo un \u00e1rea de oportunidad y permiten el fortalecimiento de las diversas \u00e1reas.&nbsp;&nbsp;<\/p>\n\n\n\n<p>Record\u00f3 que cada una de las direcciones cuenta con personal experimentado y comprometido en el quehacer diario del \u00f3rgano electoral, incluido el Proceso Electoral 2021-2022 y las elecciones extraordinarias, que de ninguna manera se encuentra en riesgo, prueba de ello es que mantiene su curso, sin contratiempos.&nbsp;<\/p>\n\n\n\n<p>Seg\u00fan el comunicado, los cambios son para fortalecer la instituci\u00f3n y aumentar con ello la credibilidad y confianza de la ciudadan\u00eda en el \u00f3rgano-<\/p>\n\n\n\n<p>Las designaciones las realiz\u00f3 conforme a las facultades que la Ley de Instituciones y Procedimientos Electorales del Estado de Oaxaca (LIPEEO), a trav\u00e9s de su art\u00edculo 39, fracci\u00f3n IX, le confiere a quien se encuentra al frente de la presidencia del \u00f3rgano electoral local.&nbsp;<\/p>\n","protected":false},"excerpt":{"rendered":"<p>Redacci\u00f3n\/Zona Roja. Oaxaca de Ju\u00e1rez, Oax., 28 de diciembre de 2021.- Luego de la renuncia&hellip;<\/p>\n","protected":false},"author":2,"featured_media":35869,"comment_status":"closed","ping_status":"open","sticky":false,"template":"","format":"standard","meta":{"_lmt_disableupdate":"","_lmt_disable":"","_jetpack_memberships_contains_paid_content":false,"footnotes":""},"categories":[109,47],"tags":[2932],"class_list":["post-35868","post","type-post","status-publish","format-standard","has-post-thumbnail","hentry","category-minuto-a-minuto","category-zona-gris","tag-instituto-estatal-electoral-y-de-participacion-ciudadana-de-oaxaca-ieepco"],"jetpack_featured_media_url":"https:\/\/zonaroja.com.mx\/wp-content\/uploads\/2021\/12\/Nuevos-funcionarios-IEEPCO.jpg","jetpack_sharing_enabled":true,"_links":{"self":[{"href":"https:\/\/zonaroja.com.mx\/index.php?rest_route=\/wp\/v2\/posts\/35868","targetHints":{"allow":["GET"]}}],"collection":[{"href":"https:\/\/zonaroja.com.mx\/index.php?rest_route=\/wp\/v2\/posts"}],"about":[{"href":"https:\/\/zonaroja.com.mx\/index.php?rest_route=\/wp\/v2\/types\/post"}],"author":[{"embeddable":true,"href":"https:\/\/zonaroja.com.mx\/index.php?rest_route=\/wp\/v2\/users\/2"}],"replies":[{"embeddable":true,"href":"https:\/\/zonaroja.com.mx\/index.php?rest_route=%2Fwp%2Fv2%2Fcomments&post=35868"}],"version-history":[{"count":1,"href":"https:\/\/zonaroja.com.mx\/index.php?rest_route=\/wp\/v2\/posts\/35868\/revisions"}],"predecessor-version":[{"id":35870,"href":"https:\/\/zonaroja.com.mx\/index.php?rest_route=\/wp\/v2\/posts\/35868\/revisions\/35870"}],"wp:featuredmedia":[{"embeddable":true,"href":"https:\/\/zonaroja.com.mx\/index.php?rest_route=\/wp\/v2\/media\/35869"}],"wp:attachment":[{"href":"https:\/\/zonaroja.com.mx\/index.php?rest_route=%2Fwp%2Fv2%2Fmedia&parent=35868"}],"wp:term":[{"taxonomy":"category","embeddable":true,"href":"https:\/\/zonaroja.com.mx\/index.php?rest_route=%2Fwp%2Fv2%2Fcategories&post=35868"},{"taxonomy":"post_tag","embeddable":true,"href":"https:\/\/zonaroja.com.mx\/index.php?rest_route=%2Fwp%2Fv2%2Ftags&post=35868"}],"curies":[{"name":"wp","href":"https:\/\/api.w.org\/{rel}","templated":true}]}}