{"id":35874,"date":"2021-12-28T22:14:05","date_gmt":"2021-12-29T04:14:05","guid":{"rendered":"http:\/\/www.zonaroja.com.mx\/?p=35874"},"modified":"2021-12-28T22:14:08","modified_gmt":"2021-12-29T04:14:08","slug":"detectan-a-22-personas-que-manejaban-ebrias-en-oaxaca-en-fin-de-semana","status":"publish","type":"post","link":"https:\/\/zonaroja.com.mx\/?p=35874","title":{"rendered":"Detectan a 22 personas que manejaban ebrias en Oaxaca, en fin de semana"},"content":{"rendered":"\n<p>Redacci\u00f3n\/Zona Roja.<\/p>\n\n\n\n<p>Oaxaca de Ju\u00e1rez, Oax., 28 de diciembre de 2021.- Con la finalidad de prevenir accidentes viales durante las fiestas decembrinas, Dalia Ba\u00f1os Noyola, encargada del despacho de la Secretar\u00eda de Seguridad P\u00fablica de Oaxaca (SSPO) instruy\u00f3 a la Polic\u00eda Vial del Estado a realizar el operativo preventivo Alcohol\u00edmetro.<\/p>\n\n\n\n<p>La dependencia aplic\u00f3 72 pruebas de alcoholemia la noche y madruga de los d\u00edas jueves 23, viernes 24 y s\u00e1bado 25, instalado en diferentes vialidades de la ciudad capital y zonas conurbadas.<\/p>\n\n\n\n<p>El operativo Alcohol\u00edmetro cont\u00f3 con la participaci\u00f3n de los t\u00e9cnicos en alcoholimetr\u00eda, un m\u00e9dico y 25 polic\u00edas viales que se encargaron de filtrar a las y los conductores.<\/p>\n\n\n\n<p>Asimismo, participaron el Ej\u00e9rcito Mexicano, la Polic\u00eda Estatal y la Agencia Estatal de Investigaciones (AEI), quienes se encargaron de la seguridad perimetral de los tres puntos del operativo, tambi\u00e9n se cont\u00f3 con la presencia de personal del Instituto Nacional de Migraci\u00f3n delegaci\u00f3n Oaxaca.<\/p>\n\n\n\n<p>As\u00ed, 22 conductores superaron el l\u00edmite permitido por lo que el mismo n\u00famero de veh\u00edculos fueron resguardados en los encierros oficiales.<\/p>\n\n\n\n<p>Estas acciones son reforzadas a partir del 1 de diciembre en el marco del operativo de seguridad y prevenci\u00f3n de accidentes Juquila-Reyes, inform\u00f3 la Secretar\u00eda de Seguridad P\u00fablica.<\/p>\n","protected":false},"excerpt":{"rendered":"<p>Redacci\u00f3n\/Zona Roja. Oaxaca de Ju\u00e1rez, Oax., 28 de diciembre de 2021.- Con la finalidad de&hellip;<\/p>\n","protected":false},"author":2,"featured_media":35875,"comment_status":"closed","ping_status":"open","sticky":false,"template":"","format":"standard","meta":{"_lmt_disableupdate":"","_lmt_disable":"","_jetpack_memberships_contains_paid_content":false,"footnotes":""},"categories":[109,47],"tags":[1421],"class_list":["post-35874","post","type-post","status-publish","format-standard","has-post-thumbnail","hentry","category-minuto-a-minuto","category-zona-gris","tag-secretaria-de-seguridad-publica-de-oaxaca-sspo"],"jetpack_featured_media_url":"https:\/\/zonaroja.com.mx\/wp-content\/uploads\/2021\/12\/Alcoholimetro-Policia-Vial-Estatal.jpg","jetpack_sharing_enabled":true,"_links":{"self":[{"href":"https:\/\/zonaroja.com.mx\/index.php?rest_route=\/wp\/v2\/posts\/35874","targetHints":{"allow":["GET"]}}],"collection":[{"href":"https:\/\/zonaroja.com.mx\/index.php?rest_route=\/wp\/v2\/posts"}],"about":[{"href":"https:\/\/zonaroja.com.mx\/index.php?rest_route=\/wp\/v2\/types\/post"}],"author":[{"embeddable":true,"href":"https:\/\/zonaroja.com.mx\/index.php?rest_route=\/wp\/v2\/users\/2"}],"replies":[{"embeddable":true,"href":"https:\/\/zonaroja.com.mx\/index.php?rest_route=%2Fwp%2Fv2%2Fcomments&post=35874"}],"version-history":[{"count":1,"href":"https:\/\/zonaroja.com.mx\/index.php?rest_route=\/wp\/v2\/posts\/35874\/revisions"}],"predecessor-version":[{"id":35876,"href":"https:\/\/zonaroja.com.mx\/index.php?rest_route=\/wp\/v2\/posts\/35874\/revisions\/35876"}],"wp:featuredmedia":[{"embeddable":true,"href":"https:\/\/zonaroja.com.mx\/index.php?rest_route=\/wp\/v2\/media\/35875"}],"wp:attachment":[{"href":"https:\/\/zonaroja.com.mx\/index.php?rest_route=%2Fwp%2Fv2%2Fmedia&parent=35874"}],"wp:term":[{"taxonomy":"category","embeddable":true,"href":"https:\/\/zonaroja.com.mx\/index.php?rest_route=%2Fwp%2Fv2%2Fcategories&post=35874"},{"taxonomy":"post_tag","embeddable":true,"href":"https:\/\/zonaroja.com.mx\/index.php?rest_route=%2Fwp%2Fv2%2Ftags&post=35874"}],"curies":[{"name":"wp","href":"https:\/\/api.w.org\/{rel}","templated":true}]}}