{"id":35882,"date":"2021-12-29T08:11:01","date_gmt":"2021-12-29T14:11:01","guid":{"rendered":"http:\/\/www.zonaroja.com.mx\/?p=35882"},"modified":"2021-12-29T08:17:36","modified_gmt":"2021-12-29T14:17:36","slug":"escala-conflicto-en-morena-vinculan-a-proceso-a-allegado-a-monreal","status":"publish","type":"post","link":"https:\/\/zonaroja.com.mx\/?p=35882","title":{"rendered":"Escala conflicto en Morena; vinculan a proceso a allegado a Monreal"},"content":{"rendered":"\n<p>Redacci\u00f3n\/Zona Roja Cdmx.<\/p>\n\n\n\n<p>Ciudad de M\u00e9xico, 29 de diciembre de 2021.- En conflicto entre morenistas escal\u00f3 ayer, al ser vinculado a proceso Jos\u00e9 Manuel del R\u00edo Virgen, colaborador cercano del senador Ricardo Monreal.<\/p>\n\n\n\n<p>Este martes, un juez en el estado de Veracruz le dict\u00f3 un a\u00f1o de prisi\u00f3n preventiva a quien funge a\u00fan como secretario T\u00e9cnico del Senado de la Rep\u00fablica y quien est\u00e1 acusado por la Fiscal\u00eda General del Estado como autor intelectual del crimen de Remigio Tovar Tovar.<\/p>\n\n\n\n<p>El hoy occiso era candidato del Partido Movimiento Ciudadano a la presidencia municipal de Cazones de Herrera.<\/p>\n\n\n\n<p>El colaborador del senador Monreal fue detenido el pasado 22 de diciembre en Cosamaloapan, Veracruz, y fue internado en el penal de Pacho Viejo, Coatepec, donde permanecer\u00e1 en tanto contin\u00faa el proceso.<\/p>\n\n\n\n<p>Del R\u00edo Virgen fue detenido cuando viajaba de Oaxaca al norte de Veracruz. La fiscal\u00eda lo acusa de ser el autor intelectual del homicidio de Remigio Tovar Tovar candidato de Movimiento Ciudadano a la presidencia de Cazones de Herrera, crimen perpetrado el pasado 4 de julio.<\/p>\n\n\n\n<p>La aprehensi\u00f3n ha originado una serie de amagos y acusaciones tanto por Ricardo Monreal como por Dante Delgado, dirigente nacional de Movimiento Ciudadano, al acusar al gobernador veracruzano Cuitl\u00e1huac Garc\u00eda de abuso de autoridad.<\/p>\n","protected":false},"excerpt":{"rendered":"<p>Redacci\u00f3n\/Zona Roja Cdmx. Ciudad de M\u00e9xico, 29 de diciembre de 2021.- En conflicto entre morenistas&hellip;<\/p>\n","protected":false},"author":2,"featured_media":35884,"comment_status":"closed","ping_status":"open","sticky":false,"template":"","format":"standard","meta":{"_lmt_disableupdate":"","_lmt_disable":"","_jetpack_memberships_contains_paid_content":false,"footnotes":""},"categories":[109,47],"tags":[2991],"class_list":["post-35882","post","type-post","status-publish","format-standard","has-post-thumbnail","hentry","category-minuto-a-minuto","category-zona-gris","tag-jose-manuel-del-rio-virgen"],"jetpack_featured_media_url":"https:\/\/zonaroja.com.mx\/wp-content\/uploads\/2021\/12\/Monreal-y-Del-Rio-detenido.jpg","jetpack_sharing_enabled":true,"_links":{"self":[{"href":"https:\/\/zonaroja.com.mx\/index.php?rest_route=\/wp\/v2\/posts\/35882","targetHints":{"allow":["GET"]}}],"collection":[{"href":"https:\/\/zonaroja.com.mx\/index.php?rest_route=\/wp\/v2\/posts"}],"about":[{"href":"https:\/\/zonaroja.com.mx\/index.php?rest_route=\/wp\/v2\/types\/post"}],"author":[{"embeddable":true,"href":"https:\/\/zonaroja.com.mx\/index.php?rest_route=\/wp\/v2\/users\/2"}],"replies":[{"embeddable":true,"href":"https:\/\/zonaroja.com.mx\/index.php?rest_route=%2Fwp%2Fv2%2Fcomments&post=35882"}],"version-history":[{"count":2,"href":"https:\/\/zonaroja.com.mx\/index.php?rest_route=\/wp\/v2\/posts\/35882\/revisions"}],"predecessor-version":[{"id":35887,"href":"https:\/\/zonaroja.com.mx\/index.php?rest_route=\/wp\/v2\/posts\/35882\/revisions\/35887"}],"wp:featuredmedia":[{"embeddable":true,"href":"https:\/\/zonaroja.com.mx\/index.php?rest_route=\/wp\/v2\/media\/35884"}],"wp:attachment":[{"href":"https:\/\/zonaroja.com.mx\/index.php?rest_route=%2Fwp%2Fv2%2Fmedia&parent=35882"}],"wp:term":[{"taxonomy":"category","embeddable":true,"href":"https:\/\/zonaroja.com.mx\/index.php?rest_route=%2Fwp%2Fv2%2Fcategories&post=35882"},{"taxonomy":"post_tag","embeddable":true,"href":"https:\/\/zonaroja.com.mx\/index.php?rest_route=%2Fwp%2Fv2%2Ftags&post=35882"}],"curies":[{"name":"wp","href":"https:\/\/api.w.org\/{rel}","templated":true}]}}