{"id":35886,"date":"2021-12-29T08:20:45","date_gmt":"2021-12-29T14:20:45","guid":{"rendered":"http:\/\/www.zonaroja.com.mx\/?p=35886"},"modified":"2021-12-29T08:27:16","modified_gmt":"2021-12-29T14:27:16","slug":"democracia-y-transformacion","status":"publish","type":"post","link":"https:\/\/zonaroja.com.mx\/?p=35886","title":{"rendered":"Opini\u00f3n. Democracia y transformaci\u00f3n"},"content":{"rendered":"\n<p>Gibr\u00e1n Ram\u00edrez Reyes*<\/p>\n\n\n\n<p>En un texto poco conocido de 1963, Vicente Lombardo Toledano \u2013el injustamente denigrado ide\u00f3logo del r\u00e9gimen de la Revoluci\u00f3n Mexicana\u2014 explic\u00f3 que la democracia en M\u00e9xico ten\u00eda que nacionalizarse.<\/p>\n\n\n\n<p>Esto significaba, por un lado, que los colaboradores del presidente de la rep\u00fablica no fueran s\u00f3lo gente de su personal confianza por amistad, paisanaje o parentesco, aduladores o recomendados del poder saliente, sino elementos capaces, honestos y patriotas \u201cescogidos en el seno de los sectores deseosos de hacer progresar a M\u00e9xico con independencia, de ampliar el sistema democr\u00e1tico y de elevar el nivel de vida de las mayor\u00edas\u201d; y por otro lado, que se avanzara m\u00e1s all\u00e1 de los diputados de partido (el origen de los llamados plurinominales), reci\u00e9n formulados en la reforma electoral de ese a\u00f1o, y se reconociera y encauzara la representaci\u00f3n de personas organizadas en localidades en donde la democracia todav\u00eda no hab\u00eda llegado.<\/p>\n\n\n\n<p>Lombardo, como muchos otros, aunque la historiograf\u00eda dominante no suele hacer hincapi\u00e9 al respecto cuando se pondera su biograf\u00eda, sufri\u00f3 el autoritarismo de los gobiernos y caciques locales.<\/p>\n\n\n\n<p>En Teziutl\u00e1n, Puebla, le encarcelaron familiares y amigos por querer ser diputado federal y, despu\u00e9s de ser gobernador interino de Puebla, fue perseguido todav\u00eda m\u00e1s, en una situaci\u00f3n similar a la que vivi\u00f3 en Sonora durante la controversial elecci\u00f3n de Jacinto L\u00f3pez en 1949.<\/p>\n\n\n\n<p>La consolidaci\u00f3n de la Tercera Transformaci\u00f3n estaba en construir una verdadera democracia nacional.<\/p>\n\n\n\n<p>Con la mal llamada transici\u00f3n a la democracia se instaur\u00f3 un r\u00e9gimen pluralista-autoritario que especializ\u00f3 los mecanismos formales de la democracia, pero la vaci\u00f3 de contenido y de ning\u00fan modo la nacionaliz\u00f3. Mientras se hablaba de las bondades de la \u201cdemocracia en v\u00edas de consolidaci\u00f3n\u201d, en lo local se reproduc\u00eda y sofisticaba el fraude electoral y se persegu\u00eda opositores por meras cuestiones pol\u00edticas, algo que algunos polit\u00f3logos y polit\u00f3logas han definido como un r\u00e9gimen subnacional autoritario-competitivo, pero que en algunos casos era autoritarismo a secas.<\/p>\n\n\n\n<p>Los gobernadores y caciques locales actuaron con total impunidad y con el benepl\u00e1cito del gobierno de la rep\u00fablica para mantener el control absoluto y mafioso en sus entidades.<\/p>\n\n\n\n<p>Esta hipocres\u00eda en el discurso democr\u00e1tico fue denunciada en m\u00e1s de una ocasi\u00f3n por L\u00f3pez Obrador y el tiempo le dio la raz\u00f3n.<\/p>\n\n\n\n<p>En M\u00e9xico no exist\u00eda una democracia verdadera, el pluralismo estaba acompa\u00f1ado de discursos falsos, manipulaci\u00f3n, fraudes electorales y autoritarismo en localidades donde la prensa nacional no miraba y la prensa local viv\u00eda entre el chayote y el asedio gubernamental o criminal a quien se atreviera a decir la verdad.<\/p>\n\n\n\n<p>La Cuarta Transformaci\u00f3n de la vida p\u00fablica de M\u00e9xico surgir\u00e1 cuando se construya una democracia que no se quede s\u00f3lo en el discurso, con gobernantes capaces, honestos, patriotas y representantes verdaderos de los diversos sectores sociales; cuando las pr\u00e1cticas democr\u00e1ticas se normalicen y lleguen a todos los rincones del pa\u00eds, terminando as\u00ed con el autoritarismo del r\u00e9gimen subnacional, sin importar los colores, como bien dijo antes el presidente.<\/p>\n\n\n\n<p>Lombardo escrib\u00eda eso en 1963 sobre el r\u00e9gimen que comenz\u00f3 a delinearse en 1917. A juzgar por la velocidad del nuevo cambio, vamos bien.<\/p>\n","protected":false},"excerpt":{"rendered":"<p>Gibr\u00e1n Ram\u00edrez Reyes* En un texto poco conocido de 1963, Vicente Lombardo Toledano \u2013el injustamente&hellip;<\/p>\n","protected":false},"author":2,"featured_media":24099,"comment_status":"closed","ping_status":"open","sticky":false,"template":"","format":"standard","meta":{"_lmt_disableupdate":"","_lmt_disable":"","_jetpack_memberships_contains_paid_content":false,"footnotes":""},"categories":[456,109],"tags":[2489],"class_list":["post-35886","post","type-post","status-publish","format-standard","has-post-thumbnail","hentry","category-columna","category-minuto-a-minuto","tag-gibran-ramirez-reyes"],"jetpack_featured_media_url":"https:\/\/zonaroja.com.mx\/wp-content\/uploads\/2021\/02\/Gibran-Ramirez-Reyes.jpg","jetpack_sharing_enabled":true,"_links":{"self":[{"href":"https:\/\/zonaroja.com.mx\/index.php?rest_route=\/wp\/v2\/posts\/35886","targetHints":{"allow":["GET"]}}],"collection":[{"href":"https:\/\/zonaroja.com.mx\/index.php?rest_route=\/wp\/v2\/posts"}],"about":[{"href":"https:\/\/zonaroja.com.mx\/index.php?rest_route=\/wp\/v2\/types\/post"}],"author":[{"embeddable":true,"href":"https:\/\/zonaroja.com.mx\/index.php?rest_route=\/wp\/v2\/users\/2"}],"replies":[{"embeddable":true,"href":"https:\/\/zonaroja.com.mx\/index.php?rest_route=%2Fwp%2Fv2%2Fcomments&post=35886"}],"version-history":[{"count":2,"href":"https:\/\/zonaroja.com.mx\/index.php?rest_route=\/wp\/v2\/posts\/35886\/revisions"}],"predecessor-version":[{"id":35894,"href":"https:\/\/zonaroja.com.mx\/index.php?rest_route=\/wp\/v2\/posts\/35886\/revisions\/35894"}],"wp:featuredmedia":[{"embeddable":true,"href":"https:\/\/zonaroja.com.mx\/index.php?rest_route=\/wp\/v2\/media\/24099"}],"wp:attachment":[{"href":"https:\/\/zonaroja.com.mx\/index.php?rest_route=%2Fwp%2Fv2%2Fmedia&parent=35886"}],"wp:term":[{"taxonomy":"category","embeddable":true,"href":"https:\/\/zonaroja.com.mx\/index.php?rest_route=%2Fwp%2Fv2%2Fcategories&post=35886"},{"taxonomy":"post_tag","embeddable":true,"href":"https:\/\/zonaroja.com.mx\/index.php?rest_route=%2Fwp%2Fv2%2Ftags&post=35886"}],"curies":[{"name":"wp","href":"https:\/\/api.w.org\/{rel}","templated":true}]}}