{"id":35889,"date":"2021-12-29T08:22:22","date_gmt":"2021-12-29T14:22:22","guid":{"rendered":"http:\/\/www.zonaroja.com.mx\/?p=35889"},"modified":"2021-12-29T08:22:26","modified_gmt":"2021-12-29T14:22:26","slug":"vinculan-a-proceso-a-mujer-ex-trabajador-del-ine-por-no-devolver-celular","status":"publish","type":"post","link":"https:\/\/zonaroja.com.mx\/?p=35889","title":{"rendered":"Vinculan a proceso a mujer ex trabajador del INE\u2026 por no devolver celular"},"content":{"rendered":"\n<p>Redacci\u00f3n\/Zona Roja.<\/p>\n\n\n\n<p>Oaxaca de Ju\u00e1rez, Oax., 29 de diciembre de 2021.- El Ministerio P\u00fablico Federal de la Fiscal\u00eda General de la Rep\u00fablica (FGR) en Oaxaca, obtuvo auto de vinculaci\u00f3n a proceso contra de una persona, por la probable comisi\u00f3n del delito de da\u00f1o en propiedad ajena en contra del Instituto Nacional Electoral (INE).<\/p>\n\n\n\n<p>Lo anterior, derivado que el pasado 21 de abril de 2021, se recibi\u00f3 una denuncia por parte del Vocal de Capacitaci\u00f3n Electoral y Educaci\u00f3n C\u00edvica de la cuarta Junta Distrital Ejecutiva del Instituto Nacional Electoral en el estado de Oaxaca, en la que cita que el d\u00eda 10 de febrero del dos mil veintiuno, hizo entrega de un dispositivo celular, a la entonces capacitadora-asistente electoral, Nadia \u201cN\u201d, en calidad de resguardante mediante el formato de entrega-recepci\u00f3n.<\/p>\n\n\n\n<p>Por actos, que se consideran de recisi\u00f3n de contrato con fecha 29 de febrero del a\u00f1o en curso, la cuarta Junta Distrital Ejecutiva del INE en Oaxaca, rescindi\u00f3 contrato de prestaci\u00f3n de servicios y en esa misma fecha se le solicit\u00f3 cubriera el costo total del dispositivo m\u00f3vil o en su caso lo llevara a reparar y lo entregara en buenas condiciones, f\u00edsicas, toda vez que el dispositivo se encontraba destrozado de la pantalla, a lo que manifest\u00f3 que no pagar\u00eda nada del da\u00f1o ocasionado al celular propiedad del Instituto Nacional Electoral.<\/p>\n\n\n\n<p>El Ministerio P\u00fablico Federal (MPF) aport\u00f3 los datos de prueba, que permitieron obtener del Juez de Control el auto de vinculaci\u00f3n a proceso en contra de la imputada, por el delito en menci\u00f3n.<\/p>\n\n\n\n<p>(Comunicado)<\/p>\n","protected":false},"excerpt":{"rendered":"<p>Redacci\u00f3n\/Zona Roja. Oaxaca de Ju\u00e1rez, Oax., 29 de diciembre de 2021.- El Ministerio P\u00fablico Federal&hellip;<\/p>\n","protected":false},"author":2,"featured_media":26956,"comment_status":"closed","ping_status":"open","sticky":false,"template":"","format":"standard","meta":{"_lmt_disableupdate":"","_lmt_disable":"","_jetpack_memberships_contains_paid_content":false,"footnotes":""},"categories":[109,47],"tags":[2764],"class_list":["post-35889","post","type-post","status-publish","format-standard","has-post-thumbnail","hentry","category-minuto-a-minuto","category-zona-gris","tag-instituto-nacional-electoral-ine"],"jetpack_featured_media_url":"https:\/\/zonaroja.com.mx\/wp-content\/uploads\/2021\/05\/Junta-Local-INE-Oaxaca-scaled.jpg","jetpack_sharing_enabled":true,"_links":{"self":[{"href":"https:\/\/zonaroja.com.mx\/index.php?rest_route=\/wp\/v2\/posts\/35889","targetHints":{"allow":["GET"]}}],"collection":[{"href":"https:\/\/zonaroja.com.mx\/index.php?rest_route=\/wp\/v2\/posts"}],"about":[{"href":"https:\/\/zonaroja.com.mx\/index.php?rest_route=\/wp\/v2\/types\/post"}],"author":[{"embeddable":true,"href":"https:\/\/zonaroja.com.mx\/index.php?rest_route=\/wp\/v2\/users\/2"}],"replies":[{"embeddable":true,"href":"https:\/\/zonaroja.com.mx\/index.php?rest_route=%2Fwp%2Fv2%2Fcomments&post=35889"}],"version-history":[{"count":1,"href":"https:\/\/zonaroja.com.mx\/index.php?rest_route=\/wp\/v2\/posts\/35889\/revisions"}],"predecessor-version":[{"id":35890,"href":"https:\/\/zonaroja.com.mx\/index.php?rest_route=\/wp\/v2\/posts\/35889\/revisions\/35890"}],"wp:featuredmedia":[{"embeddable":true,"href":"https:\/\/zonaroja.com.mx\/index.php?rest_route=\/wp\/v2\/media\/26956"}],"wp:attachment":[{"href":"https:\/\/zonaroja.com.mx\/index.php?rest_route=%2Fwp%2Fv2%2Fmedia&parent=35889"}],"wp:term":[{"taxonomy":"category","embeddable":true,"href":"https:\/\/zonaroja.com.mx\/index.php?rest_route=%2Fwp%2Fv2%2Fcategories&post=35889"},{"taxonomy":"post_tag","embeddable":true,"href":"https:\/\/zonaroja.com.mx\/index.php?rest_route=%2Fwp%2Fv2%2Ftags&post=35889"}],"curies":[{"name":"wp","href":"https:\/\/api.w.org\/{rel}","templated":true}]}}