{"id":35891,"date":"2021-12-29T08:26:46","date_gmt":"2021-12-29T14:26:46","guid":{"rendered":"http:\/\/www.zonaroja.com.mx\/?p=35891"},"modified":"2021-12-29T08:26:49","modified_gmt":"2021-12-29T14:26:49","slug":"avanza-paco-villareal-puntea-entre-priistas-para-gobernador-de-oaxaca","status":"publish","type":"post","link":"https:\/\/zonaroja.com.mx\/?p=35891","title":{"rendered":"Avanza Paco Villareal: puntea entre priistas para gobernador de Oaxaca"},"content":{"rendered":"\n<p>Redacci\u00f3n\/Zona Roja.<\/p>\n\n\n\n<p>Oaxaca de Ju\u00e1rez, Oax., 29 de diciembre de 2021.- Entre los aspirantes a la gubernatura de Oaxaca por el Partido Revolucionario Institucional (PRI), Francisco \u00c1ngel Villarreal es el mejor posicionado, indic\u00f3 la consultor\u00eda Hersalcop Group.<\/p>\n\n\n\n<p>La encuesta realizada entre el 21 y 24 de diciembre revel\u00f3 que el ex titular del Instituto Estatal de Educaci\u00f3n P\u00fablica de Oaxaca (IEEPO) arroja una mejor puntuaci\u00f3n que otras tres propuestas que se consideraron en la consulta.<\/p>\n\n\n\n<p>Francisco Villarreal destac\u00f3 con mejores resultados sobre Germ\u00e1n Espinosa Santib\u00e1\u00f1ez, Eufrosina Cruz Mendoza y Heliodoro D\u00edaz, en los supuestos de ser candidatos para la jornada electoral del 2022.<\/p>\n\n\n\n<p>\u201cSi hoy fuera la elecci\u00f3n para gobernador de Oaxaca \u00bfPor cu\u00e1l candidato\/a y partido votar\u00eda usted?\u201d, fue la pregunta que se realiz\u00f3 en cuatro distintos planteamientos.<\/p>\n\n\n\n<p>Francisco Villareal obtuvo un 22.2 por ciento de las preferencias; Germ\u00e1n Espinosa Santib\u00e1\u00f1ez, 12.3 por ciento; Eufrosina Cruz Mendoza, 18.9 por ciento y Heliodoro D\u00edaz con 14.8 por ciento.<\/p>\n\n\n\n<p>En cuesti\u00f3n de las preferencias por partido, el PRI va en segundo lugar con 14.2 por ciento y Morena en primer lugar con 52.1 por ciento.<\/p>\n\n\n\n<p>Mientras que partidos como el PT apenas alcanzaron un 7.1 por ciento y el PAN el 4.7 por ciento, m\u00e1s abajo el PVEM, con 3.4; el PRD, 3.1, Movimiento Ciudadano con 1.2 por ciento; PUP, 1.1 por ciento y menos de uno por ciento, Nueva Alianza, candidatos independientes y no sabe, un 10.1 por ciento.<\/p>\n","protected":false},"excerpt":{"rendered":"<p>Redacci\u00f3n\/Zona Roja. Oaxaca de Ju\u00e1rez, Oax., 29 de diciembre de 2021.- Entre los aspirantes a&hellip;<\/p>\n","protected":false},"author":2,"featured_media":35892,"comment_status":"closed","ping_status":"open","sticky":false,"template":"","format":"standard","meta":{"_lmt_disableupdate":"","_lmt_disable":"","_jetpack_memberships_contains_paid_content":false,"footnotes":""},"categories":[109,46],"tags":[],"class_list":["post-35891","post","type-post","status-publish","format-standard","has-post-thumbnail","hentry","category-minuto-a-minuto","category-zona-blanca"],"jetpack_featured_media_url":"https:\/\/zonaroja.com.mx\/wp-content\/uploads\/2021\/12\/Encuesta-Hersacolp.jpg","jetpack_sharing_enabled":true,"_links":{"self":[{"href":"https:\/\/zonaroja.com.mx\/index.php?rest_route=\/wp\/v2\/posts\/35891","targetHints":{"allow":["GET"]}}],"collection":[{"href":"https:\/\/zonaroja.com.mx\/index.php?rest_route=\/wp\/v2\/posts"}],"about":[{"href":"https:\/\/zonaroja.com.mx\/index.php?rest_route=\/wp\/v2\/types\/post"}],"author":[{"embeddable":true,"href":"https:\/\/zonaroja.com.mx\/index.php?rest_route=\/wp\/v2\/users\/2"}],"replies":[{"embeddable":true,"href":"https:\/\/zonaroja.com.mx\/index.php?rest_route=%2Fwp%2Fv2%2Fcomments&post=35891"}],"version-history":[{"count":1,"href":"https:\/\/zonaroja.com.mx\/index.php?rest_route=\/wp\/v2\/posts\/35891\/revisions"}],"predecessor-version":[{"id":35893,"href":"https:\/\/zonaroja.com.mx\/index.php?rest_route=\/wp\/v2\/posts\/35891\/revisions\/35893"}],"wp:featuredmedia":[{"embeddable":true,"href":"https:\/\/zonaroja.com.mx\/index.php?rest_route=\/wp\/v2\/media\/35892"}],"wp:attachment":[{"href":"https:\/\/zonaroja.com.mx\/index.php?rest_route=%2Fwp%2Fv2%2Fmedia&parent=35891"}],"wp:term":[{"taxonomy":"category","embeddable":true,"href":"https:\/\/zonaroja.com.mx\/index.php?rest_route=%2Fwp%2Fv2%2Fcategories&post=35891"},{"taxonomy":"post_tag","embeddable":true,"href":"https:\/\/zonaroja.com.mx\/index.php?rest_route=%2Fwp%2Fv2%2Ftags&post=35891"}],"curies":[{"name":"wp","href":"https:\/\/api.w.org\/{rel}","templated":true}]}}