{"id":35899,"date":"2021-12-29T14:26:34","date_gmt":"2021-12-29T20:26:34","guid":{"rendered":"https:\/\/www.zonaroja.com.mx\/?p=35899"},"modified":"2021-12-29T14:27:52","modified_gmt":"2021-12-29T20:27:52","slug":"ahonda-la-crisis-en-la-ciudad-de-oaxaca-a-tres-dias-de-cambio-de-poderes","status":"publish","type":"post","link":"https:\/\/zonaroja.com.mx\/?p=35899","title":{"rendered":"Ahonda la crisis en la ciudad de Oaxaca, a tres d\u00edas de cambio de poderes"},"content":{"rendered":"\n<p>Yuridiana Sosa\/ Zona Roja<\/p>\n\n\n\n<p>Oaxaca de Ju\u00e1rez, Oax., 29 de diciembre de 2021.- La deuda de salarios, aguinaldos y cuotas sindicales por parte del ayuntamiento de Oaxaca de Ju\u00e1rez que a\u00fan gobierna Oswaldo Garc\u00eda Jarqu\u00edn, persiste en agravio de cientos de trabajadores de confianza y del Sindicato \u201c12 de Septiembre\u201d, quienes de forma separada se manifestaron.<\/p>\n\n\n\n<p>A tres d\u00edas de que esta administraci\u00f3n concluya y por la que ninguna autoridad municipal responde a los derechos y demandas laborales, los trabajadores de confianza se movilizaron con bloqueos y quema de llantas en inmediaciones del Palacio Municipal y Plaza de la Danza, en el Centro Hist\u00f3rico de la capital.<\/p>\n\n\n\n<p>Los afectados indicaron que Garc\u00eda Jarqu\u00edn debe salarios y aguinaldos a unos 300 empleados, sin embargo, la autoridad se ha negado a entablar una mesa de trabajo con ellos, quienes en su mayor\u00eda ya ha sido amenazado y amedrentado por exigir sus pagos, se\u00f1al\u00f3 uno de los representantes que guard\u00f3 su identidad por temor.<\/p>\n\n\n\n<figure class=\"wp-block-embed\"><div class=\"wp-block-embed__wrapper\">\n<div class=\"twitter-tweet\"><blockquote class=\"twitter-tweet\" data-lang=\"es\"><p lang=\"es\" dir=\"ltr\"><a href=\"https:\/\/twitter.com\/hashtag\/ENVIVO?src=hash&amp;ref_src=twsrc%5Etfw\">#ENVIVO<\/a> <br>Oaxaca de Ju\u00e1rez, Oax., 29 de diciembre de 2021.- Personal de confianza del ayuntamiento de <a href=\"https:\/\/twitter.com\/hashtag\/Oaxaca?src=hash&amp;ref_src=twsrc%5Etfw\">#Oaxaca<\/a> de Ju\u00e1rez quema llantas cerca del palacio municipal, para exigir pago de quincena y aguinaldo; amenazan con radicalizar acciones. <br>Transmisi\u00f3n:<br>\ud83d\udc47<a href=\"https:\/\/t.co\/Nq0QONb539\">https:\/\/t.co\/Nq0QONb539<\/a> <a href=\"https:\/\/t.co\/FHswn7Ytln\">pic.twitter.com\/FHswn7Ytln<\/a><\/p>&mdash; Zona Roja Oaxaca (@Zona_Roja_Oax) <a href=\"https:\/\/twitter.com\/Zona_Roja_Oax\/status\/1476264755014864898?ref_src=twsrc%5Etfw\">29 de diciembre de 2021<\/a><\/blockquote><\/div>\n<\/div><\/figure>\n\n\n\n<p>Luego de varios minutos, la movilizaci\u00f3n en la calle de Morelos concluy\u00f3, tras la intervenci\u00f3n de un enviado del edil electo, Francisco Mart\u00ednez Neri.&nbsp;<\/p>\n\n\n\n<p>En tanto que, dirigentes del Sindicato \u201c12 de Septiembre\u201d se pronunciaron contra presuntos y futuros actos violentos que pudieran generarse en su contra por parte del grupo de choque del Gobierno del Estado, como ocurri\u00f3 el pasado 24 de diciembre.&nbsp;<\/p>\n\n\n\n<p>Las representantes sindicales se\u00f1alaron que ya presentaron las denuncias correspondientes sobre los hechos pasados, as\u00ed como han procedido a amparos ante cualquier acto de violencia que se genere contra los integrantes de dicho gremio en sus espacios de trabajo, donde coinciden con integrantes del grupo de choque adheridos al sindicato \u201c3 de Marzo\u201d.<\/p>\n\n\n\n<figure class=\"wp-block-embed\"><div class=\"wp-block-embed__wrapper\">\n<div class=\"twitter-tweet\"><blockquote class=\"twitter-tweet\" data-lang=\"es\"><p lang=\"es\" dir=\"ltr\"><a href=\"https:\/\/twitter.com\/hashtag\/ENVIVO?src=hash&amp;ref_src=twsrc%5Etfw\">#ENVIVO<\/a> <br>Oaxaca de Ju\u00e1rez, Oax., 29 de diciembre de 2021.-Dirigencia del Sindicato \u201c12 de Septiembre\u201d denuncia que persisten adeudos del a\u00fan edil de la capital, <a href=\"https:\/\/twitter.com\/oswaldogarciaj?ref_src=twsrc%5Etfw\">@oswaldogarciaj<\/a>; precisan que no protestar\u00e1n el 1 de enero en cambio de poderes.<br>Transmisi\u00f3n \ud83d\udc47<a href=\"https:\/\/t.co\/Hs3iClPbJJ\">https:\/\/t.co\/Hs3iClPbJJ<\/a> <a href=\"https:\/\/t.co\/cu9YX839CP\">pic.twitter.com\/cu9YX839CP<\/a><\/p>&mdash; Zona Roja Oaxaca (@Zona_Roja_Oax) <a href=\"https:\/\/twitter.com\/Zona_Roja_Oax\/status\/1476258173862436868?ref_src=twsrc%5Etfw\">29 de diciembre de 2021<\/a><\/blockquote><\/div>\n<\/div><\/figure>\n\n\n\n<p>La Secretaria de Finanzas, Flor Elena Rosales L\u00f3pez, puntualiz\u00f3 que el ayuntamiento a\u00fan les debe salarios y aguinaldos a personal suplente y pago de finiquitos, los cuales ascienden a un monto aproximado de 380 mil pesos.<\/p>\n\n\n\n<p>Pero, adem\u00e1s, tambi\u00e9n qued\u00f3 a deber pagos de rentas de inmuebles y servicios sindicales de septiembre a la fecha.<\/p>\n\n\n\n<p>En ambos casos, los trabajadores puntualizaron que no se movilizar\u00e1n en la toma de protesta de Francisco Mart\u00ednez Neri el pr\u00f3ximo 1 de enero, acto que se realizar\u00e1 en la Plaza de la Danza.<\/p>\n","protected":false},"excerpt":{"rendered":"<p>Yuridiana Sosa\/ Zona Roja Oaxaca de Ju\u00e1rez, Oax., 29 de diciembre de 2021.- La deuda&hellip;<\/p>\n","protected":false},"author":2,"featured_media":35898,"comment_status":"closed","ping_status":"open","sticky":false,"template":"","format":"standard","meta":{"_lmt_disableupdate":"","_lmt_disable":"","_jetpack_memberships_contains_paid_content":false,"footnotes":""},"categories":[109,47],"tags":[],"class_list":["post-35899","post","type-post","status-publish","format-standard","has-post-thumbnail","hentry","category-minuto-a-minuto","category-zona-gris"],"jetpack_featured_media_url":"https:\/\/zonaroja.com.mx\/wp-content\/uploads\/2021\/12\/e11f88b3-0a43-411d-a65f-997706c02ab5.jpg","jetpack_sharing_enabled":true,"_links":{"self":[{"href":"https:\/\/zonaroja.com.mx\/index.php?rest_route=\/wp\/v2\/posts\/35899","targetHints":{"allow":["GET"]}}],"collection":[{"href":"https:\/\/zonaroja.com.mx\/index.php?rest_route=\/wp\/v2\/posts"}],"about":[{"href":"https:\/\/zonaroja.com.mx\/index.php?rest_route=\/wp\/v2\/types\/post"}],"author":[{"embeddable":true,"href":"https:\/\/zonaroja.com.mx\/index.php?rest_route=\/wp\/v2\/users\/2"}],"replies":[{"embeddable":true,"href":"https:\/\/zonaroja.com.mx\/index.php?rest_route=%2Fwp%2Fv2%2Fcomments&post=35899"}],"version-history":[{"count":1,"href":"https:\/\/zonaroja.com.mx\/index.php?rest_route=\/wp\/v2\/posts\/35899\/revisions"}],"predecessor-version":[{"id":35900,"href":"https:\/\/zonaroja.com.mx\/index.php?rest_route=\/wp\/v2\/posts\/35899\/revisions\/35900"}],"wp:featuredmedia":[{"embeddable":true,"href":"https:\/\/zonaroja.com.mx\/index.php?rest_route=\/wp\/v2\/media\/35898"}],"wp:attachment":[{"href":"https:\/\/zonaroja.com.mx\/index.php?rest_route=%2Fwp%2Fv2%2Fmedia&parent=35899"}],"wp:term":[{"taxonomy":"category","embeddable":true,"href":"https:\/\/zonaroja.com.mx\/index.php?rest_route=%2Fwp%2Fv2%2Fcategories&post=35899"},{"taxonomy":"post_tag","embeddable":true,"href":"https:\/\/zonaroja.com.mx\/index.php?rest_route=%2Fwp%2Fv2%2Ftags&post=35899"}],"curies":[{"name":"wp","href":"https:\/\/api.w.org\/{rel}","templated":true}]}}