{"id":35922,"date":"2021-12-30T07:41:04","date_gmt":"2021-12-30T13:41:04","guid":{"rendered":"http:\/\/www.zonaroja.com.mx\/?p=35922"},"modified":"2021-12-30T07:41:07","modified_gmt":"2021-12-30T13:41:07","slug":"detectan-mas-fallas-en-la-linea-12-del-metro-de-la-cdmx","status":"publish","type":"post","link":"https:\/\/zonaroja.com.mx\/?p=35922","title":{"rendered":"Detectan m\u00e1s fallas en la L\u00ednea 12 del Metro de la Cdmx"},"content":{"rendered":"\n<p>Redacci\u00f3n\/Zona Roja Cdmx.<\/p>\n\n\n\n<p>Ciudad de M\u00e9xico, 30 de diciembre de 2021.- La L\u00ednea 12 del Metro de la Ciudad de M\u00e9xico tiene m\u00e1s fallas en su estructura, detectadas tras la tragedia del pasado 3 de mayo en un tramo, que dej\u00f3 como saldo de 26 personas fallecidas.<\/p>\n\n\n\n<p>Especialistas de la Universidad Aut\u00f3noma de Nuevo Le\u00f3n (UANL) dieron a conocer un estudio en que detallaron la localizaci\u00f3n de 21 grietas, luego de una inspecci\u00f3n aleatoria a las soldaduras de las trabes.<\/p>\n\n\n\n<p>Las afectaciones fueron encontradas en los tramos de las estaciones que van de San Lorenzo Tezonco, Olivos, Nopalera y Perif\u00e9rico y Calle 11, al tiempo que 80 por ciento se ubican en zonas de distorsi\u00f3n inducida, por lo que se determin\u00f3 que deber\u00e1 revisarse toda la estructura met\u00e1lica, proceso en el que se lleva un avance de 28.5 por ciento.<\/p>\n\n\n\n<p>Autoridades del gobierno de la Ciudad de M\u00e9xico detallaron que en las grietas halladas se tiene que evaluar el grado de afectaci\u00f3n para dise\u00f1ar el m\u00e9todo de reparaci\u00f3n como parte de la rehabilitaci\u00f3n de la L\u00ednea 12 del Metro.<\/p>\n\n\n\n<p>La informaci\u00f3n sobre esas fisuras se entregar\u00e1 al Comit\u00e9 T\u00e9cnico Asesor para que determine tanto los procedimientos de reparaci\u00f3n como las acciones a seguir.<\/p>\n\n\n\n<p>Con respecto al desplome de un tramo, ocurrido el 3 de mayo pasado, inform\u00f3 que se concluyeron los levantamientos topogr\u00e1ficos, georreferenciaci\u00f3n y se termin\u00f3 el primer tramo a nivel de proyecto geom\u00e9trico para desarrollar planos de taller y un plan ejecutivo.<\/p>\n\n\n\n<p>Contin\u00faa el acopio de m\u00e1s de 13 mil toneladas de placa, perfiles y tubos que servir\u00e1n de puntales en el proyecto de reforzamiento de la estructura y se inici\u00f3 el apuntalamiento con fibra de carbono de las 162 columnas, de las cuales se han intervenido 53 con inyecci\u00f3n en grietas.<\/p>\n","protected":false},"excerpt":{"rendered":"<p>Redacci\u00f3n\/Zona Roja Cdmx. Ciudad de M\u00e9xico, 30 de diciembre de 2021.- La L\u00ednea 12 del&hellip;<\/p>\n","protected":false},"author":2,"featured_media":35920,"comment_status":"closed","ping_status":"open","sticky":false,"template":"","format":"standard","meta":{"_lmt_disableupdate":"","_lmt_disable":"","_jetpack_memberships_contains_paid_content":false,"footnotes":""},"categories":[109,47],"tags":[2652],"class_list":["post-35922","post","type-post","status-publish","format-standard","has-post-thumbnail","hentry","category-minuto-a-minuto","category-zona-gris","tag-metro-ciudad-de-mexico"],"jetpack_featured_media_url":"https:\/\/zonaroja.com.mx\/wp-content\/uploads\/2021\/12\/Fallas-Metro-linea-12.jpg","jetpack_sharing_enabled":true,"_links":{"self":[{"href":"https:\/\/zonaroja.com.mx\/index.php?rest_route=\/wp\/v2\/posts\/35922","targetHints":{"allow":["GET"]}}],"collection":[{"href":"https:\/\/zonaroja.com.mx\/index.php?rest_route=\/wp\/v2\/posts"}],"about":[{"href":"https:\/\/zonaroja.com.mx\/index.php?rest_route=\/wp\/v2\/types\/post"}],"author":[{"embeddable":true,"href":"https:\/\/zonaroja.com.mx\/index.php?rest_route=\/wp\/v2\/users\/2"}],"replies":[{"embeddable":true,"href":"https:\/\/zonaroja.com.mx\/index.php?rest_route=%2Fwp%2Fv2%2Fcomments&post=35922"}],"version-history":[{"count":1,"href":"https:\/\/zonaroja.com.mx\/index.php?rest_route=\/wp\/v2\/posts\/35922\/revisions"}],"predecessor-version":[{"id":35923,"href":"https:\/\/zonaroja.com.mx\/index.php?rest_route=\/wp\/v2\/posts\/35922\/revisions\/35923"}],"wp:featuredmedia":[{"embeddable":true,"href":"https:\/\/zonaroja.com.mx\/index.php?rest_route=\/wp\/v2\/media\/35920"}],"wp:attachment":[{"href":"https:\/\/zonaroja.com.mx\/index.php?rest_route=%2Fwp%2Fv2%2Fmedia&parent=35922"}],"wp:term":[{"taxonomy":"category","embeddable":true,"href":"https:\/\/zonaroja.com.mx\/index.php?rest_route=%2Fwp%2Fv2%2Fcategories&post=35922"},{"taxonomy":"post_tag","embeddable":true,"href":"https:\/\/zonaroja.com.mx\/index.php?rest_route=%2Fwp%2Fv2%2Ftags&post=35922"}],"curies":[{"name":"wp","href":"https:\/\/api.w.org\/{rel}","templated":true}]}}