{"id":35927,"date":"2021-12-30T08:13:39","date_gmt":"2021-12-30T14:13:39","guid":{"rendered":"http:\/\/www.zonaroja.com.mx\/?p=35927"},"modified":"2021-12-30T13:21:55","modified_gmt":"2021-12-30T19:21:55","slug":"incremento-amlo-aprobacion-ciudadana-en-noviembre-oaxaca-lo-avala-con-79","status":"publish","type":"post","link":"https:\/\/zonaroja.com.mx\/?p=35927","title":{"rendered":"Increment\u00f3 AMLO aprobaci\u00f3n ciudadana en noviembre; Oaxaca lo avala con 79%"},"content":{"rendered":"\n<p>Yuridiana Sosa\/Zona Roja.<\/p>\n\n\n\n<p>Oaxaca de Ju\u00e1rez, Oax., 30 de diciembre de 2021.-Durante noviembre, el Presidente de M\u00e9xico, Andr\u00e9 Manuel L\u00f3pez Obrador, obtuvo la mejor aprobaci\u00f3n a su gobierno durante este 2021, al alcanzar un 65.2 por ciento a su favor.<\/p>\n\n\n\n<p>As\u00ed lo dio a conocer la encuesta de Mitofsky, en la que tambi\u00e9n detalla que Oaxaca volvi\u00f3 a destacar entre los estados que m\u00e1s aceptan la forma de gobernador de L\u00f3pez Obrador, con un 78.7 por ciento, s\u00f3lo por debajo de Baja California, con 79.2, mientras que el primer lugar lo ocup\u00f3 Tabasco con 86 por ciento y el segundo, Campeche, con 82 por ciento.<\/p>\n\n\n\n<p>La puntuaci\u00f3n promedio de noviembre es la mayor que ha obtenido el presidente este a\u00f1o, al superar los 63.6 que hab\u00eda recibido en octubre. El resultado m\u00e1s reciente tambi\u00e9n representa la segunda mejor puntuaci\u00f3n desde que tom\u00f3 el cargo, pues en febrero de 2019 obtuvo un 67.1 por ciento.<\/p>\n\n\n\n<p>COMPARADO A OTROS GOBIERNOS<\/p>\n\n\n\n<p>Los resultados de la encuesta tambi\u00e9n se\u00f1alan comparativos de la aprobaci\u00f3n ciudadana respecto a cinco antecesores al transcurso de tres a\u00f1os de gobierno.<\/p>\n\n\n\n<p>L\u00f3pez Obrador, con 65.2 por ciento de aprobaci\u00f3n y 34 por ciento de desaprobaci\u00f3n, empat\u00f3 con Enrique Pe\u00f1a Nieto, que tambi\u00e9n recibi\u00f3 un 65 por ciento de aprobaci\u00f3n, pero 33 por ciento en desaprobaci\u00f3n.<\/p>\n\n\n\n<p>Respecto a Felipe Calder\u00f3n y Vicente Fox, los super\u00f3 por varios puntos al recibir sus antecesores 58 y 56 por ciento, respectivamente, de aprobaci\u00f3n. Ernesto Zedillo calific\u00f3 con 61 y Carlos Salinas se llev\u00f3 la ventaja con 77 por ciento de aprobaci\u00f3n.<\/p>\n\n\n\n<p>AVALAN J\u00d3VENES Y CON ESTUDIOS MENORES A PREPA<\/p>\n\n\n\n<p>Mitofsky dio a conocer que son los j\u00f3venes entre los 18 y 29 a\u00f1os de edad quienes registraron una mayor aprobaci\u00f3n al gobierno de L\u00f3pez Obrador, con una calificaci\u00f3n promedio de 70.4 por ciento.<\/p>\n\n\n\n<p>Los adultos de 30 a 40 a\u00f1os le dieron una puntuaci\u00f3n de 63.7 por ciento y los de 50 y m\u00e1s a\u00f1os, un 63 por ciento.<\/p>\n\n\n\n<p>Mientras que las personas que tienen estudios de preparatoria y menos le dieron un total de 69.6 por ciento y los de Universidad y m\u00e1s, lo desaprobaron con un 50.5 por ciento y apoyaron en un 49.6 por ciento.<\/p>\n\n\n\n<p>REFER\u00c9NDUM Y CORRUPCI\u00d3N<\/p>\n\n\n\n<p>Durante la encuesta se expuso el planteamiento: \u201cEn 2022 habr\u00e1 un refer\u00e9ndum, para decidir si el presidente L\u00f3pez Obrador debe seguir gobernando hasta 2024 o se va antes, \u00bfUsted qu\u00e9 elegir\u00eda?\u201d. El 70 por ciento respondi\u00f3 que siga y el 28 por ciento que no siga.<\/p>\n\n\n\n<p>Respecto a la corrupci\u00f3n, se pregunt\u00f3: \u00bfExiste hoy m\u00e1s o existe menos corrupci\u00f3n que en el sexenio anterior?\u201d.<\/p>\n\n\n\n<p>El 34 por ciento dijo que existe m\u00e1s y el 11.3 por ciento que existe igual, con un total de 45.9 por ciento que considera que persisten estos datos. En caso contrario, el 53.3 por ciento dijo que existe menos.<\/p>\n\n\n\n<p>La encuesta tambi\u00e9n consult\u00f3 el nivel de confianza hacia el mandatario, donde el 60.9 por ciento dijo que conf\u00eda, del que el 38 por ciento dijo que siempre ha confiado en \u00e9l y no dejar\u00e1 de confiar. El 37.8 por ciento de los encuestados dijo que no conf\u00eda, de los que el 23.8 por ciento contest\u00f3 que nunca ha confiado y nunca confiar\u00eda.<\/p>\n","protected":false},"excerpt":{"rendered":"<p>Yuridiana Sosa\/Zona Roja. Oaxaca de Ju\u00e1rez, Oax., 30 de diciembre de 2021.-Durante noviembre, el Presidente&hellip;<\/p>\n","protected":false},"author":2,"featured_media":35931,"comment_status":"closed","ping_status":"open","sticky":false,"template":"","format":"standard","meta":{"_lmt_disableupdate":"","_lmt_disable":"","_jetpack_memberships_contains_paid_content":false,"footnotes":""},"categories":[109,46],"tags":[143],"class_list":["post-35927","post","type-post","status-publish","format-standard","has-post-thumbnail","hentry","category-minuto-a-minuto","category-zona-blanca","tag-andres-manuel-lopez-obrador"],"jetpack_featured_media_url":"https:\/\/zonaroja.com.mx\/wp-content\/uploads\/2021\/12\/img_1488.jpg","jetpack_sharing_enabled":true,"_links":{"self":[{"href":"https:\/\/zonaroja.com.mx\/index.php?rest_route=\/wp\/v2\/posts\/35927","targetHints":{"allow":["GET"]}}],"collection":[{"href":"https:\/\/zonaroja.com.mx\/index.php?rest_route=\/wp\/v2\/posts"}],"about":[{"href":"https:\/\/zonaroja.com.mx\/index.php?rest_route=\/wp\/v2\/types\/post"}],"author":[{"embeddable":true,"href":"https:\/\/zonaroja.com.mx\/index.php?rest_route=\/wp\/v2\/users\/2"}],"replies":[{"embeddable":true,"href":"https:\/\/zonaroja.com.mx\/index.php?rest_route=%2Fwp%2Fv2%2Fcomments&post=35927"}],"version-history":[{"count":1,"href":"https:\/\/zonaroja.com.mx\/index.php?rest_route=\/wp\/v2\/posts\/35927\/revisions"}],"predecessor-version":[{"id":35928,"href":"https:\/\/zonaroja.com.mx\/index.php?rest_route=\/wp\/v2\/posts\/35927\/revisions\/35928"}],"wp:featuredmedia":[{"embeddable":true,"href":"https:\/\/zonaroja.com.mx\/index.php?rest_route=\/wp\/v2\/media\/35931"}],"wp:attachment":[{"href":"https:\/\/zonaroja.com.mx\/index.php?rest_route=%2Fwp%2Fv2%2Fmedia&parent=35927"}],"wp:term":[{"taxonomy":"category","embeddable":true,"href":"https:\/\/zonaroja.com.mx\/index.php?rest_route=%2Fwp%2Fv2%2Fcategories&post=35927"},{"taxonomy":"post_tag","embeddable":true,"href":"https:\/\/zonaroja.com.mx\/index.php?rest_route=%2Fwp%2Fv2%2Ftags&post=35927"}],"curies":[{"name":"wp","href":"https:\/\/api.w.org\/{rel}","templated":true}]}}