{"id":35929,"date":"2021-12-30T08:17:22","date_gmt":"2021-12-30T14:17:22","guid":{"rendered":"http:\/\/www.zonaroja.com.mx\/?p=35929"},"modified":"2021-12-30T08:17:27","modified_gmt":"2021-12-30T14:17:27","slug":"preven-colapso-mundial-de-hospitales-otra-vez-por-omicron-y-covid","status":"publish","type":"post","link":"https:\/\/zonaroja.com.mx\/?p=35929","title":{"rendered":"Prev\u00e9n colapso mundial de hospitales, otra vez, por \u201c\u00d3micron\u201d y Covid"},"content":{"rendered":"\n<p>Redacci\u00f3n\/Zona Roja Cdmx.<\/p>\n\n\n\n<p>Ciudad de M\u00e9xico, 30 de diciembre de 2021.- Un tsunami de casos de las variantes \u201c\u00d3micron\u201d y delta del Covid-19 llevar\u00e1 a los sistemas sanitarios al borde del colapso, advirti\u00f3 ayer el director de la Organizaci\u00f3n Mundial de la Salud (OMS), Tedros Adhanom Gebreyesus, en rueda de prensa en la que emiti\u00f3 un llamado a los pa\u00edses y marc\u00f3 principios de julio de 2022 como fecha l\u00edmite para tener vacunada a 70 por ciento de la poblaci\u00f3n global.<\/p>\n\n\n\n<p>Este es el momento de superar el nacionalismo a corto plazo y proteger a las poblaciones y las econom\u00edas contra futuras variantes, poniendo fin a la desigualdad mundial en materia de vacunas, afirm\u00f3 el director de la OMS.<\/p>\n\n\n\n<p>El mundo registr\u00f3 un r\u00e9cord de casos de coronavirus en los pasados siete d\u00edas, con una media de m\u00e1s de 935 mil contagios detectados por d\u00eda del 22 al 28 de diciembre, seg\u00fan un recuento de la agencia Afp efectuado a partir de balances oficiales.<\/p>\n\n\n\n<p>Esta cifra es significativamente superior al r\u00e9cord anterior, alcanzado entre el 23 y el 29 de abril, con 817 mil casos diarios, y representa un incremento de 37 por ciento en comparaci\u00f3n con la semana anterior.<\/p>\n\n\n\n<p>\u201cMe preocupa enormemente que \u2018\u00d3micron\u2019, al ser m\u00e1s transmisible y circular al mismo tiempo que delta, est\u00e9 provocando un tsunami de casos. Esto est\u00e1 poniendo y seguir\u00e1 poniendo inmensa presi\u00f3n sobre los agotados trabajadores sanitarios, y los sistemas de salud est\u00e1n al borde del colapso, afirm\u00f3 el director de la OMS.<\/p>\n\n\n\n<p>El riesgo global relacionado con la nueva variante permanece muy elevado, alert\u00f3 la OMS en su informe epidemiol\u00f3gico semanal, se\u00f1alando que su crecimiento requiere un periodo de dos a tres d\u00edas para duplicarse.<\/p>\n\n\n\n<p>La mayor\u00eda de nuevas infecciones se han contabilizado en Europa, donde varios pa\u00edses registraron nuevos m\u00e1ximos hist\u00f3ricos el martes y el mi\u00e9rcoles.<\/p>\n\n\n\n<p>En Francia, en las pasadas 24 horas se confirmaron 208 mil casos nuevos de Covid-19, no muy por detr\u00e1s de Estados Unidos, donde el martes contabilizaron una media semanal r\u00e9cord de 265 mil 427 casos diarios, seg\u00fan la Universidad Johns Hopkins.<\/p>\n\n\n\n<p>Dinamarca bati\u00f3 r\u00e9cord con 23 mil 228 contagios y es actualmente el pa\u00eds con m\u00e1s nuevos casos respecto a su poblaci\u00f3n. La incidencia danesa significa que m\u00e1s de uno de cada 60 habitantes dio positivo la semana pasada.<\/p>\n\n\n\n<p>En Reino Unido se contabilizaron unos 130 mil casos m\u00e1s el martes en Inglaterra y Gales, y el pa\u00eds ha lanzado una campa\u00f1a de vacunaci\u00f3n de refuerzo que ya ha permitido administrar dosis suplementarias a 57 por ciento de los mayores de 12 a\u00f1os.<\/p>\n\n\n\n<p>El repunte de infecciones tambi\u00e9n alcanz\u00f3 a Am\u00e9rica Latina y el Caribe, donde la epidemia parec\u00eda estar en retroceso hasta hace poco tiempo. Ahora la regi\u00f3n acumula m\u00e1s de 47 millones de infecciones y cerca de 1.6 millones de muertes.<\/p>\n\n\n\n<p>En Argentina, por ejemplo, los casos se multiplicaron por seis desde inicios de mes.<\/p>\n\n\n\n<p>En Colombia, el gobierno advirti\u00f3 este mi\u00e9rcoles que el pa\u00eds est\u00e1 ante un nuevo pico de la pandemia.<\/p>\n\n\n\n<p>Una explosi\u00f3n de contagios sacude a Bolivia, con un hito de casi 5 mil nuevos casos registrados en un solo d\u00eda, adem\u00e1s de 46 fallecidos, seg\u00fan datos del martes difundidos por el Ministerio de Salud.<\/p>\n\n\n\n<p>Cuba dar\u00e1 inyecciones de refuerzo a toda su poblaci\u00f3n en enero en un intento por mantener a raya la expansi\u00f3n de \u00f3micron, report\u00f3 la prensa estatal.<\/p>\n\n\n\n<p>Ante la reducci\u00f3n de las cuarentenas en pa\u00edses como Estados Unidos, la OMS tambi\u00e9n pidi\u00f3 tener cuidado con el cambio de estrategias e inst\u00f3 a no crear confusi\u00f3n en los ciudadanos.<\/p>\n\n\n\n<p>La pandemia ha dejado en el mundo 283 millones 959 mil 84 casos confirmados y 5 millones 420 mil 258 fallecidos, seg\u00fan la Universidad Johns Hopkins.<\/p>\n\n\n\n<p>(Informaci\u00f3n de agencias internacionales y \u201cLa Jornada\u201d)<\/p>\n","protected":false},"excerpt":{"rendered":"<p>Redacci\u00f3n\/Zona Roja Cdmx. Ciudad de M\u00e9xico, 30 de diciembre de 2021.- Un tsunami de casos&hellip;<\/p>\n","protected":false},"author":2,"featured_media":35787,"comment_status":"closed","ping_status":"open","sticky":false,"template":"","format":"standard","meta":{"_lmt_disableupdate":"","_lmt_disable":"","_jetpack_memberships_contains_paid_content":false,"footnotes":""},"categories":[109,47],"tags":[2956],"class_list":["post-35929","post","type-post","status-publish","format-standard","has-post-thumbnail","hentry","category-minuto-a-minuto","category-zona-gris","tag-variante-covid-omicron"],"jetpack_featured_media_url":"https:\/\/zonaroja.com.mx\/wp-content\/uploads\/2021\/12\/Variante-omicron-Covid-2.jpg","jetpack_sharing_enabled":true,"_links":{"self":[{"href":"https:\/\/zonaroja.com.mx\/index.php?rest_route=\/wp\/v2\/posts\/35929","targetHints":{"allow":["GET"]}}],"collection":[{"href":"https:\/\/zonaroja.com.mx\/index.php?rest_route=\/wp\/v2\/posts"}],"about":[{"href":"https:\/\/zonaroja.com.mx\/index.php?rest_route=\/wp\/v2\/types\/post"}],"author":[{"embeddable":true,"href":"https:\/\/zonaroja.com.mx\/index.php?rest_route=\/wp\/v2\/users\/2"}],"replies":[{"embeddable":true,"href":"https:\/\/zonaroja.com.mx\/index.php?rest_route=%2Fwp%2Fv2%2Fcomments&post=35929"}],"version-history":[{"count":1,"href":"https:\/\/zonaroja.com.mx\/index.php?rest_route=\/wp\/v2\/posts\/35929\/revisions"}],"predecessor-version":[{"id":35930,"href":"https:\/\/zonaroja.com.mx\/index.php?rest_route=\/wp\/v2\/posts\/35929\/revisions\/35930"}],"wp:featuredmedia":[{"embeddable":true,"href":"https:\/\/zonaroja.com.mx\/index.php?rest_route=\/wp\/v2\/media\/35787"}],"wp:attachment":[{"href":"https:\/\/zonaroja.com.mx\/index.php?rest_route=%2Fwp%2Fv2%2Fmedia&parent=35929"}],"wp:term":[{"taxonomy":"category","embeddable":true,"href":"https:\/\/zonaroja.com.mx\/index.php?rest_route=%2Fwp%2Fv2%2Fcategories&post=35929"},{"taxonomy":"post_tag","embeddable":true,"href":"https:\/\/zonaroja.com.mx\/index.php?rest_route=%2Fwp%2Fv2%2Ftags&post=35929"}],"curies":[{"name":"wp","href":"https:\/\/api.w.org\/{rel}","templated":true}]}}