{"id":3593,"date":"2019-09-01T18:49:55","date_gmt":"2019-09-01T23:49:55","guid":{"rendered":"http:\/\/www.zonaroja.com.mx\/?p=3593"},"modified":"2019-09-01T18:52:25","modified_gmt":"2019-09-01T23:52:25","slug":"reanudan-clases-en-secundaria-rodolfo-morales-confirma-ieepo","status":"publish","type":"post","link":"https:\/\/zonaroja.com.mx\/?p=3593","title":{"rendered":"Reanudan clases en secundaria \u201cRodolfo Morales\u201d, confirma IEEPO"},"content":{"rendered":"\n<p>Redacci\u00f3n\/Zona Roja.<\/p>\n\n\n\n<p>Oaxaca de Ju\u00e1rez, Oax., 1 de septiembre\nde 2019.- Tras resolver sus diferencias internas, este lunes inicia el ciclo\nescolar en la escuela secundaria \u201cRodolfo Morales\u201d de la colonia Volcanes, en\nla ciudad de Oaxaca.<\/p>\n\n\n\n<p>As\u00ed lo confirm\u00f3 el director general del\nInstituto Estatal de Educaci\u00f3n P\u00fablica de Oaxaca, Francisco \u00c1ngel Villarreal,\ntras presidir la ceremonia de inicio de las actividades de \u201cSeptiembre, mes de\nla patria\u201d, en la Alameda de Le\u00f3n de la capital.<\/p>\n\n\n\n<p>En entrevista colectiva, detall\u00f3 que el Instituto privilegi\u00f3 el di\u00e1logo y el acuerdo para subsanar las diferencias entre padres de familia y mentores, tras una semana de retraso en el inicio de clases.<\/p>\n\n\n\n<figure class=\"wp-block-image\"><img decoding=\"async\" width=\"576\" height=\"1024\" src=\"http:\/\/www.zonaroja.com.mx\/wp-content\/uploads\/2019\/09\/96e58922-0f29-4e60-9f93-7966edef4424-1-576x1024.jpg\" alt=\"\" class=\"wp-image-3595\" srcset=\"https:\/\/zonaroja.com.mx\/wp-content\/uploads\/2019\/09\/96e58922-0f29-4e60-9f93-7966edef4424-1-576x1024.jpg 576w, https:\/\/zonaroja.com.mx\/wp-content\/uploads\/2019\/09\/96e58922-0f29-4e60-9f93-7966edef4424-1-169x300.jpg 169w, https:\/\/zonaroja.com.mx\/wp-content\/uploads\/2019\/09\/96e58922-0f29-4e60-9f93-7966edef4424-1-585x1040.jpg 585w, https:\/\/zonaroja.com.mx\/wp-content\/uploads\/2019\/09\/96e58922-0f29-4e60-9f93-7966edef4424-1.jpg 720w\" sizes=\"(max-width: 576px) 100vw, 576px\" \/><\/figure>\n\n\n\n<p>Asimismo, detall\u00f3 que de las m\u00e1s de 13\nmil 800 escuelas que hay en la entidad, s\u00f3lo alrededor de cinco no iniciaron a\ntiempo las actividades, por lo que el ciclo lectivo inici\u00f3 y contin\u00faa con\nnormalidad.<\/p>\n\n\n\n<p>Este domingo por la ma\u00f1ana, el titular\ndel IEEPO junto con el secretario General de Gobierno, H\u00e9ctor Anuar Mafud,\npresidieron el inicio de actividades del mes de la patria, que consisten en\nceremonias de arr\u00edo e izamiento de bandera todos los d\u00edas de septiembre.<\/p>\n\n\n\n<p>Seg\u00fan detall\u00f3 el Instituto, con el\nprograma \u201cSeptiembre, Mes de la Patria 2019\u201d, que forma parte de las acciones\nde fomento a la cultura c\u00edvica entre la poblaci\u00f3n escolar y sociedad en general\nque promueve el Gobierno del Estado, se honra en estas fechas a los S\u00edmbolos\nNacionales y a los h\u00e9roes que nos dieron libertad con el movimiento\nindependentista de 1810.<\/p>\n","protected":false},"excerpt":{"rendered":"<p>Redacci\u00f3n\/Zona Roja. Oaxaca de Ju\u00e1rez, Oax., 1 de septiembre de 2019.- Tras resolver sus diferencias&hellip;<\/p>\n","protected":false},"author":2,"featured_media":3597,"comment_status":"closed","ping_status":"open","sticky":false,"template":"","format":"standard","meta":{"_lmt_disableupdate":"","_lmt_disable":"","_jetpack_memberships_contains_paid_content":false,"footnotes":""},"categories":[109,46],"tags":[652,599],"class_list":["post-3593","post","type-post","status-publish","format-standard","has-post-thumbnail","hentry","category-minuto-a-minuto","category-zona-blanca","tag-francisco-angel-villarreal","tag-instituto-estatal-de-educacion-publica-de-oaxaca"],"jetpack_featured_media_url":"https:\/\/zonaroja.com.mx\/wp-content\/uploads\/2019\/09\/IMG_3772.jpg","jetpack_sharing_enabled":true,"_links":{"self":[{"href":"https:\/\/zonaroja.com.mx\/index.php?rest_route=\/wp\/v2\/posts\/3593","targetHints":{"allow":["GET"]}}],"collection":[{"href":"https:\/\/zonaroja.com.mx\/index.php?rest_route=\/wp\/v2\/posts"}],"about":[{"href":"https:\/\/zonaroja.com.mx\/index.php?rest_route=\/wp\/v2\/types\/post"}],"author":[{"embeddable":true,"href":"https:\/\/zonaroja.com.mx\/index.php?rest_route=\/wp\/v2\/users\/2"}],"replies":[{"embeddable":true,"href":"https:\/\/zonaroja.com.mx\/index.php?rest_route=%2Fwp%2Fv2%2Fcomments&post=3593"}],"version-history":[{"count":1,"href":"https:\/\/zonaroja.com.mx\/index.php?rest_route=\/wp\/v2\/posts\/3593\/revisions"}],"predecessor-version":[{"id":3596,"href":"https:\/\/zonaroja.com.mx\/index.php?rest_route=\/wp\/v2\/posts\/3593\/revisions\/3596"}],"wp:featuredmedia":[{"embeddable":true,"href":"https:\/\/zonaroja.com.mx\/index.php?rest_route=\/wp\/v2\/media\/3597"}],"wp:attachment":[{"href":"https:\/\/zonaroja.com.mx\/index.php?rest_route=%2Fwp%2Fv2%2Fmedia&parent=3593"}],"wp:term":[{"taxonomy":"category","embeddable":true,"href":"https:\/\/zonaroja.com.mx\/index.php?rest_route=%2Fwp%2Fv2%2Fcategories&post=3593"},{"taxonomy":"post_tag","embeddable":true,"href":"https:\/\/zonaroja.com.mx\/index.php?rest_route=%2Fwp%2Fv2%2Ftags&post=3593"}],"curies":[{"name":"wp","href":"https:\/\/api.w.org\/{rel}","templated":true}]}}