{"id":35932,"date":"2021-12-30T15:51:46","date_gmt":"2021-12-30T21:51:46","guid":{"rendered":"https:\/\/www.zonaroja.com.mx\/?p=35932"},"modified":"2021-12-30T15:51:52","modified_gmt":"2021-12-30T21:51:52","slug":"confirma-indre-primer-caso-de-omicron-en-oaxaca-sso","status":"publish","type":"post","link":"https:\/\/zonaroja.com.mx\/?p=35932","title":{"rendered":"Confirma Indre primer caso de \u201c\u00d3micron\u201c en Oaxaca: SSO"},"content":{"rendered":"\n<p>Redacci\u00f3n\/Zona Roja. <\/p>\n\n\n\n<p>Oaxaca de Ju\u00e1rez, Oax., a 30 de diciembre de 2021.- Con corte del 30 de diciembre del 2021, los Servicios de Salud de Oaxaca (SSO) recibieron la confirmaci\u00f3n por parte del Instituto de Diagn\u00f3stico y Referencia Epidemiol\u00f3gicos (Indre), de un caso de la variante \u201c\u00d3micron\u201d del virus SARS-CoV-2 en la entidad.<\/p>\n\n\n\n<p>Los SSO precisaron -de manera preliminar- que la muestra fue tomada por un laboratorio privado, de ah\u00ed que, la Direcci\u00f3n General de Epidemiolog\u00eda (DGE) realizar\u00e1 el procedimiento correspondiente para obtener mayores detalles de la paciente de 26 a\u00f1os con diagn\u00f3stico positivo de B.1.1.529.<\/p>\n\n\n\n<p>La dependencia refiri\u00f3 que se trabaja de manera coordinada con todas las instituciones del sector salud del estado, para continuar con el muestreo gratuito de las personas, recordando que por lineamientos la prueba de RT-PCR se toma al 100% de pacientes hospitalizados y al 10% de pacientes ambulatorios, con el prop\u00f3sito de evitar la propagaci\u00f3n de la nueva variante mediante la detecci\u00f3n oportuna.<\/p>\n\n\n\n<p>En este sentido puntualiz\u00f3, que es a trav\u00e9s de la secuenciaci\u00f3n gen\u00f3mica o an\u00e1lisis del material gen\u00e9tico del virus que es posible determinar las variantes del Covid-19 que circulan actualmente.<\/p>\n\n\n\n<p>Sin embargo, independientemente de las que se tienen contabilizadas, todas se propagan de la misma forma, de una persona a otra, a trav\u00e9s de peque\u00f1as part\u00edculas l\u00edquidas expulsadas por alguien infectado por la boca o la nariz al toser, al estornudar, hablar, cantar o respirar, una persona puede infectarse al inhalar aerosoles o got\u00edculas que contienen el virus o que entran en contacto directo con los ojos, la nariz o la boca.<\/p>\n\n\n\n<p>Por ello la dependencia record\u00f3 a la poblaci\u00f3n en general, aplicar las medidas preventivas, aunque tengan el esquema parcial o completo de vacunaci\u00f3n como: usar cubrebocas, mantener la higiene de manos, la sana distancia, mejorar la ventilaci\u00f3n de los espacios interiores, evitar sitios muy concurridos y vacunarse cuando corresponda, subray\u00f3 la instituci\u00f3n sanitaria.<\/p>\n\n\n\n<p>Abund\u00f3, que estas acciones, son las m\u00e1s eficaces a dos a\u00f1os de la pandemia, por ende, todas las personas deben mantenerlas vigentes, y la \u00fanica forma para ganar esta lucha es actuando con responsabilidad.<\/p>\n\n\n\n<p>Hizo hincapi\u00e9 en se\u00f1alar que si las personas presentan s\u00edntomas relacionados con esta patolog\u00eda respiratoria deben acudir a valoraci\u00f3n m\u00e9dica para el diagn\u00f3stico oportuno, adem\u00e1s de aislarse, para mitigar el riesgo de contagio.(Comunicado de prensa)<\/p>\n","protected":false},"excerpt":{"rendered":"<p>Redacci\u00f3n\/Zona Roja. Oaxaca de Ju\u00e1rez, Oax., a 30 de diciembre de 2021.- Con corte del&hellip;<\/p>\n","protected":false},"author":2,"featured_media":35784,"comment_status":"closed","ping_status":"open","sticky":false,"template":"","format":"standard","meta":{"_lmt_disableupdate":"","_lmt_disable":"","_jetpack_memberships_contains_paid_content":false,"footnotes":""},"categories":[109,47],"tags":[],"class_list":["post-35932","post","type-post","status-publish","format-standard","has-post-thumbnail","hentry","category-minuto-a-minuto","category-zona-gris"],"jetpack_featured_media_url":"https:\/\/zonaroja.com.mx\/wp-content\/uploads\/2021\/12\/Variante-omicron-Covid.jpg","jetpack_sharing_enabled":true,"_links":{"self":[{"href":"https:\/\/zonaroja.com.mx\/index.php?rest_route=\/wp\/v2\/posts\/35932","targetHints":{"allow":["GET"]}}],"collection":[{"href":"https:\/\/zonaroja.com.mx\/index.php?rest_route=\/wp\/v2\/posts"}],"about":[{"href":"https:\/\/zonaroja.com.mx\/index.php?rest_route=\/wp\/v2\/types\/post"}],"author":[{"embeddable":true,"href":"https:\/\/zonaroja.com.mx\/index.php?rest_route=\/wp\/v2\/users\/2"}],"replies":[{"embeddable":true,"href":"https:\/\/zonaroja.com.mx\/index.php?rest_route=%2Fwp%2Fv2%2Fcomments&post=35932"}],"version-history":[{"count":1,"href":"https:\/\/zonaroja.com.mx\/index.php?rest_route=\/wp\/v2\/posts\/35932\/revisions"}],"predecessor-version":[{"id":35933,"href":"https:\/\/zonaroja.com.mx\/index.php?rest_route=\/wp\/v2\/posts\/35932\/revisions\/35933"}],"wp:featuredmedia":[{"embeddable":true,"href":"https:\/\/zonaroja.com.mx\/index.php?rest_route=\/wp\/v2\/media\/35784"}],"wp:attachment":[{"href":"https:\/\/zonaroja.com.mx\/index.php?rest_route=%2Fwp%2Fv2%2Fmedia&parent=35932"}],"wp:term":[{"taxonomy":"category","embeddable":true,"href":"https:\/\/zonaroja.com.mx\/index.php?rest_route=%2Fwp%2Fv2%2Fcategories&post=35932"},{"taxonomy":"post_tag","embeddable":true,"href":"https:\/\/zonaroja.com.mx\/index.php?rest_route=%2Fwp%2Fv2%2Ftags&post=35932"}],"curies":[{"name":"wp","href":"https:\/\/api.w.org\/{rel}","templated":true}]}}