{"id":35952,"date":"2021-12-31T07:34:47","date_gmt":"2021-12-31T13:34:47","guid":{"rendered":"http:\/\/www.zonaroja.com.mx\/?p=35952"},"modified":"2021-12-31T08:06:51","modified_gmt":"2021-12-31T14:06:51","slug":"la-apo-apuesta-por-unidad-y-profesionalizacion-del-gremio-periodistico-en-2022","status":"publish","type":"post","link":"https:\/\/zonaroja.com.mx\/?p=35952","title":{"rendered":"La APO apuesta por unidad y profesionalizaci\u00f3n del gremio period\u00edstico en 2022"},"content":{"rendered":"\n<p>Yuridiana Sosa\/Zona Roja.<\/p>\n\n\n\n<p>Oaxaca de Ju\u00e1rez, Oax., 31 de diciembre de 2021.- La Asociaci\u00f3n de Periodistas de Oaxaca (APO) se prepara para enfrentar los nuevos retos profesionales y sociales en pr\u00f3ximo a\u00f1o 2022, por lo que llam\u00f3 a las nuevas generaciones y a la denominada \u201cvieja guardia\u201d a conformar un frente solidario.<\/p>\n\n\n\n<p>En un encuentro entre camarader\u00eda con motivo de fin de a\u00f1o, uno de los tres dirigentes de la agrupaci\u00f3n, Felipe S\u00e1nchez Jim\u00e9nez, destac\u00f3 que entre los principales quehaceres de este grupo a favor del gremio ser\u00e1n talleres y encuentros para la profesionalizaci\u00f3n de los comunicadores.<\/p>\n\n\n\n<p>Luego de reforzar que la APO es un grupo legalmente constituido y de los m\u00e1s antiguos en la entidad, S\u00e1nchez Jim\u00e9nez apunt\u00f3 que las puertas de la casa del periodista est\u00e1n abiertas para los integrantes del gremio, donde adem\u00e1s de trabajar sea un punto de reuni\u00f3n para compartir experiencias.<\/p>\n\n\n\n<p>As\u00ed tambi\u00e9n, destac\u00f3 que la Asociaci\u00f3n tiene el compromiso de dar acompa\u00f1amiento legal a los colegas que en muchas ocasiones enfrentan solos los burocr\u00e1ticos procesos para denunciar actos de violencia en su contra por motivo de su labor.<\/p>\n\n\n\n<p>Andr\u00e9s Rodr\u00edguez Ortiz, integrante tambi\u00e9n del Consejo Directivo, destac\u00f3 que esta nueva dirigencia tiene la misi\u00f3n de lograr la unidad, actualizaci\u00f3n y capacitaci\u00f3n del gremio, y parte de eso tambi\u00e9n es poner a disposici\u00f3n de los periodistas los servicios que esta casa ofrece.<\/p>\n\n\n\n<p>Durante el ameno encuentro, Alejandro L\u00f3pez, tambi\u00e9n miembro del Consejo, se\u00f1al\u00f3 que otro de los retos es integrar a las nuevas generaciones, a quienes invit\u00f3 a acercarse a la APO.<\/p>\n\n\n\n<figure class=\"wp-block-embed is-type-rich is-provider-twitter wp-block-embed-twitter\"><div class=\"wp-block-embed__wrapper\">\n<div class=\"twitter-tweet\"><blockquote class=\"twitter-tweet\" data-lang=\"es\"><p lang=\"es\" dir=\"ltr\">3. Por su parte, el tambi\u00e9n dirigente, Alejandro Castellanos (<a href=\"https:\/\/twitter.com\/alexvizzz?ref_src=twsrc%5Etfw\">@alexvizzz<\/a>), indic\u00f3 que se invitar\u00e1 a las nuevas generaciones de comunicadores, con la finalidad incorporarlos a la <a href=\"https:\/\/twitter.com\/APO_Oaxaca?ref_src=twsrc%5Etfw\">@APO_Oaxaca<\/a> e impulsar la constante capacitaci\u00f3n. <a href=\"https:\/\/t.co\/mxfqBhDxmT\">pic.twitter.com\/mxfqBhDxmT<\/a><\/p>&mdash; Zona Roja Oaxaca (@Zona_Roja_Oax) <a href=\"https:\/\/twitter.com\/Zona_Roja_Oax\/status\/1476417484743921671?ref_src=twsrc%5Etfw\">30 de diciembre de 2021<\/a><\/blockquote><\/div>\n<\/div><\/figure>\n","protected":false},"excerpt":{"rendered":"<p>Yuridiana Sosa\/Zona Roja. Oaxaca de Ju\u00e1rez, Oax., 31 de diciembre de 2021.- La Asociaci\u00f3n de&hellip;<\/p>\n","protected":false},"author":2,"featured_media":35953,"comment_status":"closed","ping_status":"open","sticky":false,"template":"","format":"standard","meta":{"_lmt_disableupdate":"","_lmt_disable":"","_jetpack_memberships_contains_paid_content":false,"footnotes":""},"categories":[109,46],"tags":[1041],"class_list":["post-35952","post","type-post","status-publish","format-standard","has-post-thumbnail","hentry","category-minuto-a-minuto","category-zona-blanca","tag-asociacion-de-periodistas-de-oaxaca-apo"],"jetpack_featured_media_url":"https:\/\/zonaroja.com.mx\/wp-content\/uploads\/2021\/12\/Rueunion-Asociacion-de-Periodistas-de-Oaxaca-APO.jpg","jetpack_sharing_enabled":true,"_links":{"self":[{"href":"https:\/\/zonaroja.com.mx\/index.php?rest_route=\/wp\/v2\/posts\/35952","targetHints":{"allow":["GET"]}}],"collection":[{"href":"https:\/\/zonaroja.com.mx\/index.php?rest_route=\/wp\/v2\/posts"}],"about":[{"href":"https:\/\/zonaroja.com.mx\/index.php?rest_route=\/wp\/v2\/types\/post"}],"author":[{"embeddable":true,"href":"https:\/\/zonaroja.com.mx\/index.php?rest_route=\/wp\/v2\/users\/2"}],"replies":[{"embeddable":true,"href":"https:\/\/zonaroja.com.mx\/index.php?rest_route=%2Fwp%2Fv2%2Fcomments&post=35952"}],"version-history":[{"count":2,"href":"https:\/\/zonaroja.com.mx\/index.php?rest_route=\/wp\/v2\/posts\/35952\/revisions"}],"predecessor-version":[{"id":35960,"href":"https:\/\/zonaroja.com.mx\/index.php?rest_route=\/wp\/v2\/posts\/35952\/revisions\/35960"}],"wp:featuredmedia":[{"embeddable":true,"href":"https:\/\/zonaroja.com.mx\/index.php?rest_route=\/wp\/v2\/media\/35953"}],"wp:attachment":[{"href":"https:\/\/zonaroja.com.mx\/index.php?rest_route=%2Fwp%2Fv2%2Fmedia&parent=35952"}],"wp:term":[{"taxonomy":"category","embeddable":true,"href":"https:\/\/zonaroja.com.mx\/index.php?rest_route=%2Fwp%2Fv2%2Fcategories&post=35952"},{"taxonomy":"post_tag","embeddable":true,"href":"https:\/\/zonaroja.com.mx\/index.php?rest_route=%2Fwp%2Fv2%2Ftags&post=35952"}],"curies":[{"name":"wp","href":"https:\/\/api.w.org\/{rel}","templated":true}]}}