{"id":35970,"date":"2021-12-31T16:11:11","date_gmt":"2021-12-31T22:11:11","guid":{"rendered":"http:\/\/www.zonaroja.com.mx\/?p=35970"},"modified":"2021-12-31T16:11:15","modified_gmt":"2021-12-31T22:11:15","slug":"denuncian-saqueo-de-edil-de-salina-cruz-se-lleva-patrullas-y-camiones-de-basura","status":"publish","type":"post","link":"https:\/\/zonaroja.com.mx\/?p=35970","title":{"rendered":"Denuncian saqueo de edil de Salina Cruz; se lleva patrullas y camiones de basura"},"content":{"rendered":"\n<p>Yuridiana Sosa\/Zona Roja.<\/p>\n\n\n\n<p>Oaxaca de Ju\u00e1rez, Oax., 31 de diciembre de 2021.- A menos de 24 horas de dejar el cargo, el edil de Salina Cruz, Juan Carlos Atecas Altamirano, ejecut\u00f3 presuntamente el saqueo de patrullas municipales y camiones recolectores de basura del ayuntamiento, denunciaron ciudadanos.<\/p>\n\n\n\n<p>El hecho se registr\u00f3 la madrugada de este viernes en el taller municipal ubicado en Camino Viejo a La Ventosa, de donde por medio de gr\u00faas se extrajeron varias unidades.<\/p>\n\n\n\n<p>Distintos medios de comunicaci\u00f3n local arribaron al lugar para documentar la denuncia de los vecinos, logrando grabar la salida de gr\u00faas de plataforma con alguno de los veh\u00edculos municipales.<\/p>\n\n\n\n<p>Horas despu\u00e9s, medios locales dieron a conocer que al menos cinco patrullas y tres unidades recolectoras de basura fueron trasladadas a un corral\u00f3n particular, presuntamente propiedad de Atecas Altamirano, ubicado en la carretera Transistmica y avenida Cosijoeza.<\/p>\n\n\n\n<p>Durante la administraci\u00f3n municipal que fenece, el edil de Morena fue se\u00f1alado en diversas ocasiones de presuntos malos manejos de los recursos municipales, as\u00ed como nulas obras p\u00fablicas y prestaci\u00f3n de servicios p\u00fablicos de manera deficiente.<\/p>\n","protected":false},"excerpt":{"rendered":"<p>Yuridiana Sosa\/Zona Roja. Oaxaca de Ju\u00e1rez, Oax., 31 de diciembre de 2021.- A menos de&hellip;<\/p>\n","protected":false},"author":2,"featured_media":7381,"comment_status":"closed","ping_status":"open","sticky":false,"template":"","format":"standard","meta":{"_lmt_disableupdate":"","_lmt_disable":"","_jetpack_memberships_contains_paid_content":false,"footnotes":""},"categories":[109,47],"tags":[1247],"class_list":["post-35970","post","type-post","status-publish","format-standard","has-post-thumbnail","hentry","category-minuto-a-minuto","category-zona-gris","tag-juan-carlos-atecas-altamirano"],"jetpack_featured_media_url":"https:\/\/zonaroja.com.mx\/wp-content\/uploads\/2020\/01\/Juan-Carlos-Atecas.jpg","jetpack_sharing_enabled":true,"_links":{"self":[{"href":"https:\/\/zonaroja.com.mx\/index.php?rest_route=\/wp\/v2\/posts\/35970","targetHints":{"allow":["GET"]}}],"collection":[{"href":"https:\/\/zonaroja.com.mx\/index.php?rest_route=\/wp\/v2\/posts"}],"about":[{"href":"https:\/\/zonaroja.com.mx\/index.php?rest_route=\/wp\/v2\/types\/post"}],"author":[{"embeddable":true,"href":"https:\/\/zonaroja.com.mx\/index.php?rest_route=\/wp\/v2\/users\/2"}],"replies":[{"embeddable":true,"href":"https:\/\/zonaroja.com.mx\/index.php?rest_route=%2Fwp%2Fv2%2Fcomments&post=35970"}],"version-history":[{"count":1,"href":"https:\/\/zonaroja.com.mx\/index.php?rest_route=\/wp\/v2\/posts\/35970\/revisions"}],"predecessor-version":[{"id":35971,"href":"https:\/\/zonaroja.com.mx\/index.php?rest_route=\/wp\/v2\/posts\/35970\/revisions\/35971"}],"wp:featuredmedia":[{"embeddable":true,"href":"https:\/\/zonaroja.com.mx\/index.php?rest_route=\/wp\/v2\/media\/7381"}],"wp:attachment":[{"href":"https:\/\/zonaroja.com.mx\/index.php?rest_route=%2Fwp%2Fv2%2Fmedia&parent=35970"}],"wp:term":[{"taxonomy":"category","embeddable":true,"href":"https:\/\/zonaroja.com.mx\/index.php?rest_route=%2Fwp%2Fv2%2Fcategories&post=35970"},{"taxonomy":"post_tag","embeddable":true,"href":"https:\/\/zonaroja.com.mx\/index.php?rest_route=%2Fwp%2Fv2%2Ftags&post=35970"}],"curies":[{"name":"wp","href":"https:\/\/api.w.org\/{rel}","templated":true}]}}