{"id":35972,"date":"2021-12-31T16:48:50","date_gmt":"2021-12-31T22:48:50","guid":{"rendered":"http:\/\/www.zonaroja.com.mx\/?p=35972"},"modified":"2021-12-31T16:48:54","modified_gmt":"2021-12-31T22:48:54","slug":"aprehenden-a-policia-municipal-de-pochutla-por-abuso-sexual-a-mujer-detenida","status":"publish","type":"post","link":"https:\/\/zonaroja.com.mx\/?p=35972","title":{"rendered":"Aprehenden a polic\u00eda municipal de Pochutla por abuso sexual a mujer detenida"},"content":{"rendered":"\n<p>Yuridiana Sosa\/ Zona Roja<\/p>\n\n\n\n<p>Oaxaca de Ju\u00e1rez, Oax., 31 de diciembre de 2021.- Un elemento de la polic\u00eda municipal de San Pedro Pochutla, en la regi\u00f3n de la Costa, fue detenido por el delito de abuso sexual contra una mujer que se encontraba en la prisi\u00f3n municipal.<\/p>\n\n\n\n<p>Por este hecho, la presidenta municipal y reelecta por Morena, Saymi Pineda Velasco no ha dado a conocer ning\u00fan posicionamiento ni aclarado sobre la presencia de polic\u00edas varones en resguardo de mujeres, cuando debe haber mujeres polic\u00edas.<\/p>\n\n\n\n<p>De acuerdo con el periodista Omar Gasga, el hecho se registr\u00f3 el pasado 18 de diciembre, cuando una mujer fue detenida.<\/p>\n\n\n\n<p>La v\u00edctima se\u00f1al\u00f3 que el elemento que vigilaba la celda, ingres\u00f3 para cometer el delito contra ella, por lo que el pasado 24 de diciembre interpuso la denuncia correspondiente ante la Fiscal\u00eda General del Estado de Oaxaca.<\/p>\n\n\n\n<p>El elemento policial fue detenido, pero ante esta acusaci\u00f3n, el uniformado solicit\u00f3 la ampliaci\u00f3n del t\u00e9rmino constitucional, por lo que la audiencia de recepci\u00f3n de pruebas se program\u00f3 para el pasado 29 de diciembre, sin que hasta ahora se den a conocer avances en el caso.<\/p>\n","protected":false},"excerpt":{"rendered":"<p>Yuridiana Sosa\/ Zona Roja Oaxaca de Ju\u00e1rez, Oax., 31 de diciembre de 2021.- Un elemento&hellip;<\/p>\n","protected":false},"author":2,"featured_media":13511,"comment_status":"closed","ping_status":"open","sticky":false,"template":"","format":"standard","meta":{"_lmt_disableupdate":"","_lmt_disable":"","_jetpack_memberships_contains_paid_content":false,"footnotes":""},"categories":[109,47],"tags":[151],"class_list":["post-35972","post","type-post","status-publish","format-standard","has-post-thumbnail","hentry","category-minuto-a-minuto","category-zona-gris","tag-san-pedro-pochutla"],"jetpack_featured_media_url":"https:\/\/zonaroja.com.mx\/wp-content\/uploads\/2020\/06\/San-Pedro-Pochutla.jpg","jetpack_sharing_enabled":true,"_links":{"self":[{"href":"https:\/\/zonaroja.com.mx\/index.php?rest_route=\/wp\/v2\/posts\/35972","targetHints":{"allow":["GET"]}}],"collection":[{"href":"https:\/\/zonaroja.com.mx\/index.php?rest_route=\/wp\/v2\/posts"}],"about":[{"href":"https:\/\/zonaroja.com.mx\/index.php?rest_route=\/wp\/v2\/types\/post"}],"author":[{"embeddable":true,"href":"https:\/\/zonaroja.com.mx\/index.php?rest_route=\/wp\/v2\/users\/2"}],"replies":[{"embeddable":true,"href":"https:\/\/zonaroja.com.mx\/index.php?rest_route=%2Fwp%2Fv2%2Fcomments&post=35972"}],"version-history":[{"count":1,"href":"https:\/\/zonaroja.com.mx\/index.php?rest_route=\/wp\/v2\/posts\/35972\/revisions"}],"predecessor-version":[{"id":35973,"href":"https:\/\/zonaroja.com.mx\/index.php?rest_route=\/wp\/v2\/posts\/35972\/revisions\/35973"}],"wp:featuredmedia":[{"embeddable":true,"href":"https:\/\/zonaroja.com.mx\/index.php?rest_route=\/wp\/v2\/media\/13511"}],"wp:attachment":[{"href":"https:\/\/zonaroja.com.mx\/index.php?rest_route=%2Fwp%2Fv2%2Fmedia&parent=35972"}],"wp:term":[{"taxonomy":"category","embeddable":true,"href":"https:\/\/zonaroja.com.mx\/index.php?rest_route=%2Fwp%2Fv2%2Fcategories&post=35972"},{"taxonomy":"post_tag","embeddable":true,"href":"https:\/\/zonaroja.com.mx\/index.php?rest_route=%2Fwp%2Fv2%2Ftags&post=35972"}],"curies":[{"name":"wp","href":"https:\/\/api.w.org\/{rel}","templated":true}]}}