{"id":3598,"date":"2019-09-01T19:44:39","date_gmt":"2019-09-02T00:44:39","guid":{"rendered":"http:\/\/www.zonaroja.com.mx\/?p=3598"},"modified":"2019-09-01T19:44:41","modified_gmt":"2019-09-02T00:44:41","slug":"incompleto-protocolo-de-medidas-cautelares-de-cidh-que-asumio-oaxaca","status":"publish","type":"post","link":"https:\/\/zonaroja.com.mx\/?p=3598","title":{"rendered":"Incompleto, Protocolo de Medidas Cautelares de CIDH que asumi\u00f3 Oaxaca"},"content":{"rendered":"\n<p>Redacci\u00f3n\/Zona Roja.<\/p>\n\n\n\n<p>Oaxaca de Ju\u00e1rez, Oax., 1 de septiembre\nde 2019.- Luego de la presentaci\u00f3n la semana pasada, con la presencia de la\npresidenta de la CIDH, Esmeralda Arosemena, el Centro de Derechos Humanos y\nAsesor\u00eda a Pueblos Ind\u00edgenas A.C (Cedhapi), se pronunci\u00f3 para que el Estado mexicano\nrespete el Protocolo de Implementaci\u00f3n de Medidas Cautelares y \u00e9ste sea\naplicado para las medidas otorgadas en todo el territorio nacional.<\/p>\n\n\n\n<p>En un comunicado inform\u00f3 que ese\norganismo civil, calific\u00f3 como incompleto este protocolo y dijo que por medio\nde la asociaci\u00f3n Litigio Estrat\u00e9gico, oblig\u00f3 al gobierno federal a emitir el Protocolo\npara la Instrumentaci\u00f3n e implementaci\u00f3n de Medidas de Protecci\u00f3n del\nSistema&nbsp;&nbsp; Interamericano, Universal y\nNacional de Derechos Humanos<\/p>\n\n\n\n<p>Tras ello, el pasado 28 de agosto en la\ncapital, en un acto encabezado por el gobernador Alejandro Murat Hinojosa, se\nllev\u00f3 a cabo el&nbsp; lanzamiento de dicho\nprotocolo.<\/p>\n\n\n\n<p>Record\u00f3 que este protocolo fue un\ncompromiso adquirido por el Estado mexicano en la soluci\u00f3n amistosa P-1014-06 del\ncaso Antonio Jacinto L\u00f3pez Mart\u00ednez, suscrito el 23 de septiembre del 2015 y\nhomologado y publicado en la p\u00e1gina de la CIDH&nbsp;\nel 8 de abril del 2019.<\/p>\n\n\n\n<p>Expuso que este caso fue litigado por\nel Centro de Derechos Humanos y Asesor\u00eda a Pueblos Ind\u00edgenas&nbsp; ante la Comisi\u00f3n Interamericana de Derechos\nHumanos durante 14 a\u00f1os, como un derecho de las garant\u00edas de no repetici\u00f3n<\/p>\n\n\n\n<p>Detall\u00f3 que el protocolo contempla las\nreglas m\u00ednimas que deben de tener un procedimiento de implementaci\u00f3n de medidas\ncautelares otorgadas por organismos nacionales e internacionales como son: Las\nfases de inicio de un procedimiento; Comunicaci\u00f3n oportuna con las personas\nbeneficiarias y peticionarias; Inicio del procedimiento en casos de urgencia; Inicio\ndel procedimiento en casos de un procedimiento ordinario.<\/p>\n\n\n\n<p>Asimismo, debe existir un cat\u00e1logo de\nmedidas m\u00e1s comunes a implementarse existiendo un plan de implementaci\u00f3n de\nmedidas y an\u00e1lisis de riesgo, adem\u00e1s de que se deben respetar las garant\u00edas de\nlos derechos de las v\u00edctimas, \u201csin ser re victimizados por la actitud de los\nfuncionarios que implementan las medidas\u201d.<\/p>\n\n\n\n<p>\u201cLa consolidaci\u00f3n de este protocolo fue\nel esfuerzo de muchas y muchos, esencialmente de la Comisi\u00f3n Interamericana de\nDerechos Humanos que inst\u00f3 al gobierno mexicano a cumplir con este compromiso\ninternacional y desde sociedad civil se tuvo que lidiar con muchos obst\u00e1culos\nque imped\u00edan que se efectuara el protocolo.<\/p>\n\n\n\n<p>\u201cA pesar de ello este protocolo carece\nde muchas cosas y una de ellas es la atenci\u00f3n que deben de tener las personas\ndesplazadas internamente, la activaci\u00f3n de mecanismos que sirvan para proteger\nlos derechos a la salud, alimentaci\u00f3n y la vivienda\u201d, remarc\u00f3.<\/p>\n","protected":false},"excerpt":{"rendered":"<p>Redacci\u00f3n\/Zona Roja. Oaxaca de Ju\u00e1rez, Oax., 1 de septiembre de 2019.- Luego de la presentaci\u00f3n&hellip;<\/p>\n","protected":false},"author":2,"featured_media":3599,"comment_status":"closed","ping_status":"open","sticky":false,"template":"","format":"standard","meta":{"_lmt_disableupdate":"","_lmt_disable":"","_jetpack_memberships_contains_paid_content":false,"footnotes":""},"categories":[109,47],"tags":[230],"class_list":["post-3598","post","type-post","status-publish","format-standard","has-post-thumbnail","hentry","category-minuto-a-minuto","category-zona-gris","tag-cedhapi"],"jetpack_featured_media_url":"https:\/\/zonaroja.com.mx\/wp-content\/uploads\/2019\/09\/Lanz.-Protocolo.jpeg","jetpack_sharing_enabled":true,"_links":{"self":[{"href":"https:\/\/zonaroja.com.mx\/index.php?rest_route=\/wp\/v2\/posts\/3598","targetHints":{"allow":["GET"]}}],"collection":[{"href":"https:\/\/zonaroja.com.mx\/index.php?rest_route=\/wp\/v2\/posts"}],"about":[{"href":"https:\/\/zonaroja.com.mx\/index.php?rest_route=\/wp\/v2\/types\/post"}],"author":[{"embeddable":true,"href":"https:\/\/zonaroja.com.mx\/index.php?rest_route=\/wp\/v2\/users\/2"}],"replies":[{"embeddable":true,"href":"https:\/\/zonaroja.com.mx\/index.php?rest_route=%2Fwp%2Fv2%2Fcomments&post=3598"}],"version-history":[{"count":1,"href":"https:\/\/zonaroja.com.mx\/index.php?rest_route=\/wp\/v2\/posts\/3598\/revisions"}],"predecessor-version":[{"id":3600,"href":"https:\/\/zonaroja.com.mx\/index.php?rest_route=\/wp\/v2\/posts\/3598\/revisions\/3600"}],"wp:featuredmedia":[{"embeddable":true,"href":"https:\/\/zonaroja.com.mx\/index.php?rest_route=\/wp\/v2\/media\/3599"}],"wp:attachment":[{"href":"https:\/\/zonaroja.com.mx\/index.php?rest_route=%2Fwp%2Fv2%2Fmedia&parent=3598"}],"wp:term":[{"taxonomy":"category","embeddable":true,"href":"https:\/\/zonaroja.com.mx\/index.php?rest_route=%2Fwp%2Fv2%2Fcategories&post=3598"},{"taxonomy":"post_tag","embeddable":true,"href":"https:\/\/zonaroja.com.mx\/index.php?rest_route=%2Fwp%2Fv2%2Ftags&post=3598"}],"curies":[{"name":"wp","href":"https:\/\/api.w.org\/{rel}","templated":true}]}}