{"id":35988,"date":"2022-01-02T08:00:00","date_gmt":"2022-01-02T14:00:00","guid":{"rendered":"http:\/\/www.zonaroja.com.mx\/?p=35988"},"modified":"2022-01-01T21:25:08","modified_gmt":"2022-01-02T03:25:08","slug":"en-oaxaca-uno-de-cada-10-feminicidios-ha-sido-de-ninas-y-adolescentes","status":"publish","type":"post","link":"https:\/\/zonaroja.com.mx\/?p=35988","title":{"rendered":"En Oaxaca, uno de cada 10 feminicidios ha sido de ni\u00f1as y adolescentes"},"content":{"rendered":"\n<p>Redacci\u00f3n\/Zona Roja.<\/p>\n\n\n\n<p>Oaxaca de Ju\u00e1rez, Oax., 2 de enero de 2022.- Para el Grupo de Estudios sobre la Mujer \u201cRosario Castellanos\u201d, monitorear el feminicidio infantil en Oaxaca para visibilizar las regiones, el perfil de las v\u00edctimas, lugar de ocurrencia y otros datos relevantes, tiene el objetivo de se\u00f1alar aquellos aspectos que requieren atenci\u00f3n urgente por parte de las autoridades.<\/p>\n\n\n\n<p>Nombrar una problem\u00e1tica y colocarla en el centro de la agenda p\u00fablica, permitir\u00e1 exigir acciones orientadas a su prevenci\u00f3n, atenci\u00f3n y erradicaci\u00f3n.<\/p>\n\n\n\n<p>De acuerdo al monitoreo que realiza desde el Centro de Documentaci\u00f3n del GES Mujer, al concluir el quinto a\u00f1o de gobierno de Alejandro Murat Hinojosa, de 582 asesinatos violentos de mujeres, el 10 por ciento han sido de ni\u00f1as y adolescentes menores de 18 a\u00f1os, es decir 58.<\/p>\n\n\n\n<p>El feminicidio infantil es definido como la muerte de una ni\u00f1a o adolescente menor de 18 a\u00f1os, se considera feminicidio debido a que presupone una relaci\u00f3n de subordinaci\u00f3n cuando las v\u00edctimas son menores de edad, adem\u00e1s del estado de indefensi\u00f3n, desprotecci\u00f3n real o incapacidad que imposibilite su defensa.<\/p>\n\n\n\n<p>La Ley General de Derechos de Ni\u00f1as, Ni\u00f1os y Adolescentes establece el derecho de acceso a una vida libre de violencia y a la integridad personal, sin embargo, este derecho no ha sido respetado para 58 ni\u00f1as y adolescentes asesinadas de manera violenta.<\/p>\n\n\n\n<p>Estos datos, m\u00e1s que estad\u00edsticas, representan vidas arrebatadas, indignaci\u00f3n y dolor para sus familias, una muestra de ineficiencia por parte de las instituciones encargadas de su protecci\u00f3n y como sociedad un atentado contra nuestro futuro.<\/p>\n\n\n\n<p>El 36 por ciento de ni\u00f1as de cero a 12 a\u00f1os fueron v\u00edctimas de violencia feminicida. En el caso de ni\u00f1as menores, el riesgo de sufrir todos los tipos de violencias, se encuentran en el c\u00edrculo social m\u00e1s cercano, principalmente en el \u00e1mbito familiar.<\/p>\n\n\n\n<p>Durante este per\u00edodo, uno de los casos ocurridos en la Villa de Zaachila que provoc\u00f3 gran indignaci\u00f3n, fue el de una ni\u00f1a de un a\u00f1o ocho meses, quien falleci\u00f3 en el Hospital de la Ni\u00f1ez Oaxaque\u00f1a.<\/p>\n\n\n\n<p>El sector salud detect\u00f3 una serie de violencias, desde negligencia, omisi\u00f3n de cuidados, hasta el abuso sexual. Finalmente, la ni\u00f1a muri\u00f3 a consecuencia de la suma de estas violencias, siendo detenido el padre como probable responsable.<\/p>\n\n\n\n<p>La NOM 046 de Violencia familiar, sexual y contra las mujeres, da criterios para la prevenci\u00f3n y atenci\u00f3n, establece la obligaci\u00f3n del personal de salud de dar aviso al Ministerio P\u00fablico de lesiones que presuntamente son actos de violencia hacia las mujeres, en menores de 18 a\u00f1os es el Estado responsable de perseguir de oficio.<\/p>\n\n\n\n<p>En este caso la intervenci\u00f3n fue acorde a las circunstancias, desafortunadamente no siempre es as\u00ed, pues en reiteradas ocasiones en el GES Mujer recibieron la solicitud de personal m\u00e9dico, de enfermer\u00eda y\/o trabajo social del sector salud para actuar a fin de que las autoridades de justicia o instancias de la mujer respondan ante casos de violencia hacia ni\u00f1as y mujeres, principalmente en horarios nocturnos, de fin de semana y d\u00edas de asueto.<\/p>\n","protected":false},"excerpt":{"rendered":"<p>Redacci\u00f3n\/Zona Roja. Oaxaca de Ju\u00e1rez, Oax., 2 de enero de 2022.- Para el Grupo de&hellip;<\/p>\n","protected":false},"author":2,"featured_media":35989,"comment_status":"closed","ping_status":"open","sticky":false,"template":"","format":"standard","meta":{"_lmt_disableupdate":"","_lmt_disable":"","_jetpack_memberships_contains_paid_content":false,"footnotes":""},"categories":[109,47],"tags":[2993],"class_list":["post-35988","post","type-post","status-publish","format-standard","has-post-thumbnail","hentry","category-minuto-a-minuto","category-zona-gris","tag-feminicidios-asesinatos-ninas-adolescentes"],"jetpack_featured_media_url":"https:\/\/zonaroja.com.mx\/wp-content\/uploads\/2022\/01\/Feminicidios-asesinatos-ninas.jpeg","jetpack_sharing_enabled":true,"_links":{"self":[{"href":"https:\/\/zonaroja.com.mx\/index.php?rest_route=\/wp\/v2\/posts\/35988","targetHints":{"allow":["GET"]}}],"collection":[{"href":"https:\/\/zonaroja.com.mx\/index.php?rest_route=\/wp\/v2\/posts"}],"about":[{"href":"https:\/\/zonaroja.com.mx\/index.php?rest_route=\/wp\/v2\/types\/post"}],"author":[{"embeddable":true,"href":"https:\/\/zonaroja.com.mx\/index.php?rest_route=\/wp\/v2\/users\/2"}],"replies":[{"embeddable":true,"href":"https:\/\/zonaroja.com.mx\/index.php?rest_route=%2Fwp%2Fv2%2Fcomments&post=35988"}],"version-history":[{"count":2,"href":"https:\/\/zonaroja.com.mx\/index.php?rest_route=\/wp\/v2\/posts\/35988\/revisions"}],"predecessor-version":[{"id":36021,"href":"https:\/\/zonaroja.com.mx\/index.php?rest_route=\/wp\/v2\/posts\/35988\/revisions\/36021"}],"wp:featuredmedia":[{"embeddable":true,"href":"https:\/\/zonaroja.com.mx\/index.php?rest_route=\/wp\/v2\/media\/35989"}],"wp:attachment":[{"href":"https:\/\/zonaroja.com.mx\/index.php?rest_route=%2Fwp%2Fv2%2Fmedia&parent=35988"}],"wp:term":[{"taxonomy":"category","embeddable":true,"href":"https:\/\/zonaroja.com.mx\/index.php?rest_route=%2Fwp%2Fv2%2Fcategories&post=35988"},{"taxonomy":"post_tag","embeddable":true,"href":"https:\/\/zonaroja.com.mx\/index.php?rest_route=%2Fwp%2Fv2%2Ftags&post=35988"}],"curies":[{"name":"wp","href":"https:\/\/api.w.org\/{rel}","templated":true}]}}