{"id":35991,"date":"2022-01-01T08:38:21","date_gmt":"2022-01-01T14:38:21","guid":{"rendered":"http:\/\/www.zonaroja.com.mx\/?p=35991"},"modified":"2022-01-01T08:38:26","modified_gmt":"2022-01-01T14:38:26","slug":"aprueban-el-ieepco-acuerdos-sobre-el-prep-y-voto-en-el-extranjero","status":"publish","type":"post","link":"https:\/\/zonaroja.com.mx\/?p=35991","title":{"rendered":"Aprueban el IEEPCO acuerdos sobre el PREP y voto en el extranjero"},"content":{"rendered":"\n<p>Redacci\u00f3n\/Zona Roja.<\/p>\n\n\n\n<p>Oaxaca de Ju\u00e1rez, Oax., 1 de enero de 2022.- El Consejo General del Instituto Estatal Electoral y de Participaci\u00f3n Ciudadana de Oaxaca (IEEPCO), valid\u00f3 elecciones ordinarias, ordinarias parciales y extraordinarias por el r\u00e9gimen de Sistemas Normativos Ind\u00edgenas (SNI), correspondientes al presente a\u00f1o.<\/p>\n\n\n\n<p>En una primera sesi\u00f3n extraordinaria, se calificaron como jur\u00eddicamente v\u00e1lidas las elecciones ordinarias en los ayuntamientos de San Antonino Monte Verde, San Sebasti\u00e1n Nicananduta, San Juan Teita, Santa Mar\u00eda Alotepec, San Lucas Comatl\u00e1n, Santa Mar\u00eda Temaxcalapa, Asunci\u00f3n Cacalotepec, San Juan Mazatl\u00e1n, San Juan Quiotepec, San Pedro y San Pablo Ayutla, Tanetze de Zaragoza, San Crist\u00f3bal Lachiroag y Santo Domingo Roayaga.<\/p>\n\n\n\n<p>Tambi\u00e9n, se validaron las elecciones ordinarias parciales de San Miguel Mixtepec, Santa Cruz Tacahua, Santa Mar\u00eda Yosoy\u00faa y Santa Mar\u00eda Nativitas; as\u00ed como las elecciones extraordinarias de Tlacotepec Plumas, Santiago Lalopa, San Francisco Cajonos y San Pedro Yolox.<\/p>\n\n\n\n<p>Por otro lado y mediante el acuerdo IEEPCO-CG-SNI-105\/2021, se calific\u00f3 como no v\u00e1lida la decisi\u00f3n de Terminaci\u00f3n Anticipada de Mandato de las concejal\u00edas electas en el 2019 del ayuntamiento de San Jos\u00e9 Ayuquila.<\/p>\n\n\n\n<p>Y finalmente, conforme el acuerdo IEEPCO-CG-SNI-105\/2021, se declar\u00f3 que la decisi\u00f3n tomada por la comunidad cabecera municipal de San Juan Mazatl\u00e1n, mediante Asamblea Comunitaria de 30 de octubre de 2021, tiene reconocimiento y validez jur\u00eddica, \u00fanicamente en el \u00e1mbito de dicha comunidad cabecera derivado del ejercicio de su Libre Determinaci\u00f3n y Autonom\u00eda reconocido en el derecho nacional e internacional.<\/p>\n\n\n\n<p>REGISTRO IMPROCEDENTE<\/p>\n\n\n\n<p>En otro orden de ideas, el Consejo General del IEEPCO tambi\u00e9n aprob\u00f3 el Proceso T\u00e9cnico Operativo para la implementaci\u00f3n y operaci\u00f3n del Programa de Resultados Electorales Preliminares (PREP) para el Proceso Electoral Ordinario 2020-2021.<\/p>\n\n\n\n<p>As\u00ed tambi\u00e9n declar\u00f3 improcedente la solicitud de registro a los partidos Fuerza por M\u00e9xico y Encuentro Solidario, presentadas por Mar\u00eda Salom\u00e9 Mart\u00ednez Salazar y Fabricio Emir D\u00edaz Alc\u00e1zar, respectivamente.<\/p>\n\n\n\n<p>Mientras que, en una segunda sesi\u00f3n extraordinaria, el Consejo General aprob\u00f3 la reutilizaci\u00f3n del material electoral utilizado en procesos electorales anteriores y que se encuentre en buenas condiciones; a la par que se autorizaron los formatos de documentaci\u00f3n y dise\u00f1o del material electoral, as\u00ed como las caracter\u00edsticas, colores y medidas de seguridad que deber\u00e1 contener, mismas que ser\u00e1n utilizadas en la elecci\u00f3n del 5 de junio.<\/p>\n\n\n\n<p>En este mismo sentido, se aprobaron los formatos de la documentaci\u00f3n y dise\u00f1o del material electoral, validados por el Instituto Nacional Electoral (INE), para el voto postal de las ciudadanas y ciudadanos oaxaque\u00f1os residentes en el extranjero; y se design\u00f3 a Jos\u00e9 Francisco Rocha Anguiano, como representante ante el Grupo de Trabajo para la organizaci\u00f3n del voto extranjero.<\/p>\n\n\n\n<p>Durante sus intervenciones, las consejeras electorales Carmelita Sibaja Ochoa y Nayma Enr\u00edquez Estrada reconocieron el esfuerzo de quienes integran la Direcci\u00f3n Ejecutiva de Organizaci\u00f3n y Capacitaci\u00f3n Electoral toda vez que lograron que los acuerdos se dieran en tiempo y forma.<\/p>\n\n\n\n<p>Finalmente, mediante el acuerdo IEEPCO-CG-SNI\u2010107\/2021 se calific\u00f3 como jur\u00eddicamente no v\u00e1lida la elecci\u00f3n ordinaria de concejal\u00edas del Ayuntamiento Municipal de Santiago Atitl\u00e1n, Oaxaca, realizada mediante Asamblea General Comunitaria de 26 de diciembre de 2021.<\/p>\n\n\n\n<p>Al respecto, la consejera electoral Zaira Alhel\u00ed Hip\u00f3lito L\u00f3pez reconoci\u00f3 la labor realizada por la Direcci\u00f3n de Sistemas Normativos Ind\u00edgenas que durante este a\u00f1o estuvieron al pendiente de las 66 elecciones ordinarias, 27 extraordinarias y 11 terminaciones de mandato.<\/p>\n","protected":false},"excerpt":{"rendered":"<p>Redacci\u00f3n\/Zona Roja. Oaxaca de Ju\u00e1rez, Oax., 1 de enero de 2022.- El Consejo General del&hellip;<\/p>\n","protected":false},"author":2,"featured_media":19763,"comment_status":"closed","ping_status":"open","sticky":false,"template":"","format":"standard","meta":{"_lmt_disableupdate":"","_lmt_disable":"","_jetpack_memberships_contains_paid_content":false,"footnotes":""},"categories":[109,46],"tags":[2932],"class_list":["post-35991","post","type-post","status-publish","format-standard","has-post-thumbnail","hentry","category-minuto-a-minuto","category-zona-blanca","tag-instituto-estatal-electoral-y-de-participacion-ciudadana-de-oaxaca-ieepco"],"jetpack_featured_media_url":"https:\/\/zonaroja.com.mx\/wp-content\/uploads\/2020\/11\/IEEPCO-Instituto-Estatal-Electoral.jpg","jetpack_sharing_enabled":true,"_links":{"self":[{"href":"https:\/\/zonaroja.com.mx\/index.php?rest_route=\/wp\/v2\/posts\/35991","targetHints":{"allow":["GET"]}}],"collection":[{"href":"https:\/\/zonaroja.com.mx\/index.php?rest_route=\/wp\/v2\/posts"}],"about":[{"href":"https:\/\/zonaroja.com.mx\/index.php?rest_route=\/wp\/v2\/types\/post"}],"author":[{"embeddable":true,"href":"https:\/\/zonaroja.com.mx\/index.php?rest_route=\/wp\/v2\/users\/2"}],"replies":[{"embeddable":true,"href":"https:\/\/zonaroja.com.mx\/index.php?rest_route=%2Fwp%2Fv2%2Fcomments&post=35991"}],"version-history":[{"count":1,"href":"https:\/\/zonaroja.com.mx\/index.php?rest_route=\/wp\/v2\/posts\/35991\/revisions"}],"predecessor-version":[{"id":35992,"href":"https:\/\/zonaroja.com.mx\/index.php?rest_route=\/wp\/v2\/posts\/35991\/revisions\/35992"}],"wp:featuredmedia":[{"embeddable":true,"href":"https:\/\/zonaroja.com.mx\/index.php?rest_route=\/wp\/v2\/media\/19763"}],"wp:attachment":[{"href":"https:\/\/zonaroja.com.mx\/index.php?rest_route=%2Fwp%2Fv2%2Fmedia&parent=35991"}],"wp:term":[{"taxonomy":"category","embeddable":true,"href":"https:\/\/zonaroja.com.mx\/index.php?rest_route=%2Fwp%2Fv2%2Fcategories&post=35991"},{"taxonomy":"post_tag","embeddable":true,"href":"https:\/\/zonaroja.com.mx\/index.php?rest_route=%2Fwp%2Fv2%2Ftags&post=35991"}],"curies":[{"name":"wp","href":"https:\/\/api.w.org\/{rel}","templated":true}]}}