{"id":35995,"date":"2022-01-01T08:55:48","date_gmt":"2022-01-01T14:55:48","guid":{"rendered":"http:\/\/www.zonaroja.com.mx\/?p=35995"},"modified":"2022-01-01T08:55:52","modified_gmt":"2022-01-01T14:55:52","slug":"detencion-de-ex-rector-con-fines-electorales-organizaciones-sociales","status":"publish","type":"post","link":"https:\/\/zonaroja.com.mx\/?p=35995","title":{"rendered":"Detenci\u00f3n de ex rector, con fines electorales: organizaciones sociales"},"content":{"rendered":"\n<p>Ismael Garc\u00eda M.\/Zona Roja.<\/p>\n\n\n\n<p>Oaxaca de Ju\u00e1rez, Oax., 1 de enero de 2022.- La detenci\u00f3n del ex rector de la UABJO, Eduardo Mart\u00ednez Helmes, fue arbitraria y tiene tintes electorales, consider\u00f3 el Movimiento de Unificaci\u00f3n y Lucha Triqui (MULT).<\/p>\n\n\n\n<p>En un comunicado emitido anoche, demand\u00f3 un alto a la manipulaci\u00f3n de la justicia, as\u00ed como a la preparaci\u00f3n de \u201ccondiciones fabricando delitos para encarcelar a dirigentes sociales\u201d.<\/p>\n\n\n\n<p>Al pronunciamiento se unieron la Asamblea de Pueblos Ind\u00edgenas (API), el Partido Unidad Popular (PUP) y la Uni\u00f3n Campesina Ind\u00edgena \u201cEmiliano Zapata\u201d.<\/p>\n\n\n\n<p>\u201cReconocemos a los universitarios y a la sociedad para seguir impulsando que la m\u00e1xima casa de estudios sea la gu\u00eda de la evoluci\u00f3n de las conciencias y en su seno abrigue la semilla transformadora de las causas populares\u201d, refieren.<\/p>\n\n\n\n<p>Exponen que el caso llama la atenci\u00f3n porque \u201cla detenci\u00f3n del ex rector se da en el marco del relevo de autoridades municipales y en el desarrollo del proceso electoral para elegir al pr\u00f3ximo gobernador.<\/p>\n\n\n\n<p>\u201cEl cual se est\u00e1 realizando en un ambiente de movilidad social, marcadas diferencias pol\u00edticas y la no soluci\u00f3n de los conflictos de las comunidades y pueblos, donde se respira la injusticia y la sede de alcanzar los cambios que los gobiernos antipopulares nos han prometido y han fallado una vez y otra vez por privilegiar los intereses de las c\u00fapulas del poder pol\u00edtico\u201d, exponen.<\/p>\n\n\n\n<p>\u201c\u00bfA qui\u00e9n le interesa pol\u00edticamente introducir mayor inestabilidad pol\u00edtica para desestabilizar el proceso electoral, y preparar condiciones para aprehender a luchadores sociales fabricando delitos?<\/p>\n\n\n\n<p>\u201c\u00bfEs su legalidad y Estado de Derecho sembrar un clima de convulsi\u00f3n social en la antesala de un proceso electoral?\u201d, remarcaron, al demandar a las autoridades judiciales cumplan con la m\u00e1xima de que toda persona acusada de delito tiene derecho a que se presuma su inocencia, mientras no se pruebe su culpabilidad\u201d.<\/p>\n","protected":false},"excerpt":{"rendered":"<p>Ismael Garc\u00eda M.\/Zona Roja. Oaxaca de Ju\u00e1rez, Oax., 1 de enero de 2022.- La detenci\u00f3n&hellip;<\/p>\n","protected":false},"author":2,"featured_media":35996,"comment_status":"closed","ping_status":"open","sticky":false,"template":"","format":"standard","meta":{"_lmt_disableupdate":"","_lmt_disable":"","_jetpack_memberships_contains_paid_content":false,"footnotes":""},"categories":[109,47],"tags":[1347,2411],"class_list":["post-35995","post","type-post","status-publish","format-standard","has-post-thumbnail","hentry","category-minuto-a-minuto","category-zona-gris","tag-eduardo-martinez-helmes","tag-movimiento-de-unificacion-y-lucha-triqui-independiente-multi"],"jetpack_featured_media_url":"https:\/\/zonaroja.com.mx\/wp-content\/uploads\/2022\/01\/Desplegado-MULT-ex-rector-UABJO.jpg","jetpack_sharing_enabled":true,"_links":{"self":[{"href":"https:\/\/zonaroja.com.mx\/index.php?rest_route=\/wp\/v2\/posts\/35995","targetHints":{"allow":["GET"]}}],"collection":[{"href":"https:\/\/zonaroja.com.mx\/index.php?rest_route=\/wp\/v2\/posts"}],"about":[{"href":"https:\/\/zonaroja.com.mx\/index.php?rest_route=\/wp\/v2\/types\/post"}],"author":[{"embeddable":true,"href":"https:\/\/zonaroja.com.mx\/index.php?rest_route=\/wp\/v2\/users\/2"}],"replies":[{"embeddable":true,"href":"https:\/\/zonaroja.com.mx\/index.php?rest_route=%2Fwp%2Fv2%2Fcomments&post=35995"}],"version-history":[{"count":1,"href":"https:\/\/zonaroja.com.mx\/index.php?rest_route=\/wp\/v2\/posts\/35995\/revisions"}],"predecessor-version":[{"id":35997,"href":"https:\/\/zonaroja.com.mx\/index.php?rest_route=\/wp\/v2\/posts\/35995\/revisions\/35997"}],"wp:featuredmedia":[{"embeddable":true,"href":"https:\/\/zonaroja.com.mx\/index.php?rest_route=\/wp\/v2\/media\/35996"}],"wp:attachment":[{"href":"https:\/\/zonaroja.com.mx\/index.php?rest_route=%2Fwp%2Fv2%2Fmedia&parent=35995"}],"wp:term":[{"taxonomy":"category","embeddable":true,"href":"https:\/\/zonaroja.com.mx\/index.php?rest_route=%2Fwp%2Fv2%2Fcategories&post=35995"},{"taxonomy":"post_tag","embeddable":true,"href":"https:\/\/zonaroja.com.mx\/index.php?rest_route=%2Fwp%2Fv2%2Ftags&post=35995"}],"curies":[{"name":"wp","href":"https:\/\/api.w.org\/{rel}","templated":true}]}}