{"id":35998,"date":"2022-01-01T11:09:25","date_gmt":"2022-01-01T17:09:25","guid":{"rendered":"https:\/\/www.zonaroja.com.mx\/?p=35998"},"modified":"2022-01-01T11:09:29","modified_gmt":"2022-01-01T17:09:29","slug":"designan-a-los-comisionados-municipales-provisionales-en-7-ayuntamientos-de-oaxaca","status":"publish","type":"post","link":"https:\/\/zonaroja.com.mx\/?p=35998","title":{"rendered":"Designan a los Comisionados Municipales  Provisionales en 7 ayuntamientos de Oaxaca"},"content":{"rendered":"\n<p>Redacci\u00f3n\/Zona Roja.<\/p>\n\n\n\n<p>Oaxaca de Ju\u00e1rez,&nbsp;Oax. 1 de enero de 2022.<strong>&nbsp;<\/strong>La Secretar\u00eda General de Gobierno (Segego) design\u00f3 Comisionados Municipales Provisionales en siete ayuntamientos de Oaxaca, en que no hubo autoridad formalmente electa debido diversos conflictos o por anulaci\u00f3n de comicios &nbsp;<\/p>\n\n\n\n<p>Ello con el prop\u00f3sito de \u201cevitar un vac\u00edo de autoridad\u201d mismos que deben garantizar la paz social, la operatividad de los servicios y utilizar eficientemente los recursos del ramo 28, toda vez que no pueden hacer uso de los recursos correspondientes al ramo 33, refiri\u00f3 el Gobierno del Estado en un comunicado.&nbsp;<\/p>\n\n\n\n<p>\u201cAsimismo deber\u00e1n privilegiar el di\u00e1logo con los diferentes grupos pol\u00edticos para construir acuerdos que permitan crear las condiciones necesarias para realizar las elecciones extraordinarias\u201d &nbsp;<\/p>\n\n\n\n<p>Los nombramientos a las y los Comisionados Municipales Provisionales, son Edgardo Sosa Mart\u00ednez, San Pablo Villa de Mitla; Ismael Cheng Mel\u00e9ndez en Santa Cruz Xoxocotl\u00e1n; Guillermina Moreno Ciriaco, Santa Mar\u00eda Xadani; Fredy Cabrera Cruz, Santiago Laollaga; Adriana Guadalupe V\u00e1zquez Cruz, Chahuites; Carlos G\u00f3mez Orozco, Reforma de Pineda y Rogelio Vargas Garfias, Santa Mar\u00eda Mixtequilla.<\/p>\n\n\n\n<p>\u201cDamos cumplimiento al acuerdo emitido por el gobernador Alejandro Murat Hinojosa, que impone la obligaci\u00f3n de designar a la Comisionada o Comisionado Municipal Provisional, cuando por alguna circunstancia no se verificare la elecci\u00f3n de alg\u00fan Ayuntamiento o se hubiere declarado nula o no v\u00e1lida, o bien, se hubiese declarado la suspensi\u00f3n o desaparici\u00f3n del mismo, es por ello que realice la entrega de nombramientos a las y los Comisionados en los Municipios en los que fueron anuladas las elecciones, ante esta gran responsabilidad, las y los exhorto a cumplir con la Ley, privilegiar el di\u00e1logo para garantizar la paz social y gobernabilidad en los Municipios\u201d, destac\u00f3 el comunicado.<\/p>\n\n\n\n<p>Se\u00f1al\u00f3 que es de suma importancia que los diferentes grupos pol\u00edticos, organizaciones sociales y ciudadan\u00eda, mantengan un di\u00e1logo constante con las y los Comisionados Municipales para alcanzar acuerdos que permita garantizar las condiciones necesarias para realizar las elecciones extraordinarias.<\/p>\n\n\n\n<p>Cabe destacar que las facultades de las y los Comisionados Municipales Provisionales es designar a su Secretario y Tesorero; sus funciones no son las mismas que las y los Presidentes Municipales, toda vez que no cuentan con integrantes de Cabildo, asimismo deben garantizar la continuidad de los servicios que se brindan a la comunidad. <\/p>\n","protected":false},"excerpt":{"rendered":"<p>Redacci\u00f3n\/Zona Roja. Oaxaca de Ju\u00e1rez,&nbsp;Oax. 1 de enero de 2022.&nbsp;La Secretar\u00eda General de Gobierno (Segego)&hellip;<\/p>\n","protected":false},"author":2,"featured_media":20396,"comment_status":"closed","ping_status":"open","sticky":false,"template":"","format":"standard","meta":{"_lmt_disableupdate":"","_lmt_disable":"","_jetpack_memberships_contains_paid_content":false,"footnotes":""},"categories":[109,46],"tags":[],"class_list":["post-35998","post","type-post","status-publish","format-standard","has-post-thumbnail","hentry","category-minuto-a-minuto","category-zona-blanca"],"jetpack_featured_media_url":"https:\/\/zonaroja.com.mx\/wp-content\/uploads\/2020\/11\/Edil-baston-de-mando.jpg","jetpack_sharing_enabled":true,"_links":{"self":[{"href":"https:\/\/zonaroja.com.mx\/index.php?rest_route=\/wp\/v2\/posts\/35998","targetHints":{"allow":["GET"]}}],"collection":[{"href":"https:\/\/zonaroja.com.mx\/index.php?rest_route=\/wp\/v2\/posts"}],"about":[{"href":"https:\/\/zonaroja.com.mx\/index.php?rest_route=\/wp\/v2\/types\/post"}],"author":[{"embeddable":true,"href":"https:\/\/zonaroja.com.mx\/index.php?rest_route=\/wp\/v2\/users\/2"}],"replies":[{"embeddable":true,"href":"https:\/\/zonaroja.com.mx\/index.php?rest_route=%2Fwp%2Fv2%2Fcomments&post=35998"}],"version-history":[{"count":1,"href":"https:\/\/zonaroja.com.mx\/index.php?rest_route=\/wp\/v2\/posts\/35998\/revisions"}],"predecessor-version":[{"id":35999,"href":"https:\/\/zonaroja.com.mx\/index.php?rest_route=\/wp\/v2\/posts\/35998\/revisions\/35999"}],"wp:featuredmedia":[{"embeddable":true,"href":"https:\/\/zonaroja.com.mx\/index.php?rest_route=\/wp\/v2\/media\/20396"}],"wp:attachment":[{"href":"https:\/\/zonaroja.com.mx\/index.php?rest_route=%2Fwp%2Fv2%2Fmedia&parent=35998"}],"wp:term":[{"taxonomy":"category","embeddable":true,"href":"https:\/\/zonaroja.com.mx\/index.php?rest_route=%2Fwp%2Fv2%2Fcategories&post=35998"},{"taxonomy":"post_tag","embeddable":true,"href":"https:\/\/zonaroja.com.mx\/index.php?rest_route=%2Fwp%2Fv2%2Ftags&post=35998"}],"curies":[{"name":"wp","href":"https:\/\/api.w.org\/{rel}","templated":true}]}}