{"id":36001,"date":"2022-01-01T15:35:04","date_gmt":"2022-01-01T21:35:04","guid":{"rendered":"https:\/\/www.zonaroja.com.mx\/?p=36001"},"modified":"2022-01-01T15:35:07","modified_gmt":"2022-01-01T21:35:07","slug":"con-ausencia-de-garcia-jarquin-rinde-protesta-francisco-martinez-neri-en-la-capital","status":"publish","type":"post","link":"https:\/\/zonaroja.com.mx\/?p=36001","title":{"rendered":"Con ausencia de Garc\u00eda Jarqu\u00edn, rinde protesta Francisco Mart\u00ednez Neri en la capital"},"content":{"rendered":"\n<p>Yuridiana Sosa\/ Zona Roja<\/p>\n\n\n\n<p>Oaxaca de Ju\u00e1rez, Oax., 1 de enero de 2022.- Sin contratiempos ni movilizaciones, Francisco Mart\u00ednez Neri rindi\u00f3 protesta como presidente de la capital, donde por segunda ocasi\u00f3n llega un gobierno emanado de Morena.<\/p>\n\n\n\n<p>En el acto de relevo de autoridades estuvo ausente el edil saliente, Oswaldo Garc\u00eda Jarqu\u00edn, quien hereda una serie de problem\u00e1ticas a la nueva administraci\u00f3n, entre ellas deudas con trabajadores y proveedores.<\/p>\n\n\n\n<p>Entre los invitados del \u00e1mbito estatal y federal, as\u00ed como de cientos de ciudadanos que se reunieron en la Plaza de la Danza, frente a Palacio Municipal, Mart\u00ednez Neri y su Cabildo se comprometieron a resolver a la brevedad los principales problemas en la ciudad.<\/p>\n\n\n\n<p>El nuevo edil de la capital reconoci\u00f3 \u201chemos heredado un municipio en condiciones de crisis\u201d , pero ante lo cual trabajar\u00e1n para evitar que esos problemas heredados se conviertan en \u201ccaldo de cultivo para nuevas expresiones de inconformidad\u201d.<\/p>\n\n\n\n<p>Entre las estrategias que implementar\u00e1n en su gobierno ser\u00e1 para el rescate del Centro Hist\u00f3rico y de espacios p\u00fablicos a beneficios de actividades recreativas; ordenar el comercio informal que tuvo un descontrolado crecimiento; tambi\u00e9n para la defensa de recursos naturales y acciones para evitar actos de corrupci\u00f3n.<\/p>\n\n\n\n<p>Para otra de las labores, dijo, ser\u00e1 necesaria la participaci\u00f3n intermunicipal con la zona metropolitana; adem\u00e1s, con apoyo de la tecnolog\u00eda mejorar\u00e1n la atenci\u00f3n ciudadana en el \u00e1mbito administrativo y crear\u00e1n incentivos para los contribuyentes.<\/p>\n\n\n\n<p>Posterior a la sesi\u00f3n de Cabildo de cambio de poderes, Mart\u00ednez Neri y dem\u00e1s concejales ingresaron al Palacio Municipal, al que le denominaron por medio de un letrero, \u201cla casa del pueblo\u201d, pero que mantuvo las puertas cerradas al ingreso de los nuevos funcionarios.<\/p>\n","protected":false},"excerpt":{"rendered":"<p>Yuridiana Sosa\/ Zona Roja Oaxaca de Ju\u00e1rez, Oax., 1 de enero de 2022.- Sin contratiempos&hellip;<\/p>\n","protected":false},"author":2,"featured_media":36000,"comment_status":"closed","ping_status":"open","sticky":false,"template":"","format":"standard","meta":{"_lmt_disableupdate":"","_lmt_disable":"","_jetpack_memberships_contains_paid_content":false,"footnotes":""},"categories":[109,46],"tags":[],"class_list":["post-36001","post","type-post","status-publish","format-standard","has-post-thumbnail","hentry","category-minuto-a-minuto","category-zona-blanca"],"jetpack_featured_media_url":"https:\/\/zonaroja.com.mx\/wp-content\/uploads\/2022\/01\/img_2107.jpg","jetpack_sharing_enabled":true,"_links":{"self":[{"href":"https:\/\/zonaroja.com.mx\/index.php?rest_route=\/wp\/v2\/posts\/36001","targetHints":{"allow":["GET"]}}],"collection":[{"href":"https:\/\/zonaroja.com.mx\/index.php?rest_route=\/wp\/v2\/posts"}],"about":[{"href":"https:\/\/zonaroja.com.mx\/index.php?rest_route=\/wp\/v2\/types\/post"}],"author":[{"embeddable":true,"href":"https:\/\/zonaroja.com.mx\/index.php?rest_route=\/wp\/v2\/users\/2"}],"replies":[{"embeddable":true,"href":"https:\/\/zonaroja.com.mx\/index.php?rest_route=%2Fwp%2Fv2%2Fcomments&post=36001"}],"version-history":[{"count":1,"href":"https:\/\/zonaroja.com.mx\/index.php?rest_route=\/wp\/v2\/posts\/36001\/revisions"}],"predecessor-version":[{"id":36002,"href":"https:\/\/zonaroja.com.mx\/index.php?rest_route=\/wp\/v2\/posts\/36001\/revisions\/36002"}],"wp:featuredmedia":[{"embeddable":true,"href":"https:\/\/zonaroja.com.mx\/index.php?rest_route=\/wp\/v2\/media\/36000"}],"wp:attachment":[{"href":"https:\/\/zonaroja.com.mx\/index.php?rest_route=%2Fwp%2Fv2%2Fmedia&parent=36001"}],"wp:term":[{"taxonomy":"category","embeddable":true,"href":"https:\/\/zonaroja.com.mx\/index.php?rest_route=%2Fwp%2Fv2%2Fcategories&post=36001"},{"taxonomy":"post_tag","embeddable":true,"href":"https:\/\/zonaroja.com.mx\/index.php?rest_route=%2Fwp%2Fv2%2Ftags&post=36001"}],"curies":[{"name":"wp","href":"https:\/\/api.w.org\/{rel}","templated":true}]}}