{"id":3601,"date":"2019-09-01T21:05:36","date_gmt":"2019-09-02T02:05:36","guid":{"rendered":"http:\/\/www.zonaroja.com.mx\/?p=3601"},"modified":"2019-09-01T21:05:38","modified_gmt":"2019-09-02T02:05:38","slug":"inseguridad-principal-desafio-de-lopez-obrador-primer-informe","status":"publish","type":"post","link":"https:\/\/zonaroja.com.mx\/?p=3601","title":{"rendered":"Inseguridad, principal desaf\u00edo de L\u00f3pez Obrador: primer informe"},"content":{"rendered":"\n<p>Redacci\u00f3n\/Zona Roja Cdmx.<\/p>\n\n\n\n<p>Ciudad de M\u00e9xico, 1 de septiembre de\n2019.- La principal loza que carga el gobierno de Andr\u00e9s Manuel L\u00f3pez Obrador\nes la inseguridad. De acuerdo con cifras oficiales, en los primeros ocho meses\ndel a\u00f1o, han sido asesinadas alrededor de 23 mil personas.<\/p>\n\n\n\n<p>Ni el escaso crecimiento econ\u00f3mico ni\nlos efectos devastadores en el aspecto social ni la cercana relaci\u00f3n con los\nhombres de negocio han minado tanto su imagen como la violencia.<\/p>\n\n\n\n<p>Al rendir su Primer Informe de Gobierno\n\u2013a nueve meses de su mandato&#8211;, el Presidente de M\u00e9xico acept\u00f3 que los\nresultados en materia de seguridad no han sido buenos en reducir la incidencia\ndelictiva en estos primeros meses.<\/p>\n\n\n\n<p>Pero asever\u00f3 que con el conjunto de\nacciones de desplegar la Guardia Nacional y atacar las causas, se va a lograr\npacificar el pa\u00eds; \u00abese es el principal desaf\u00edo, pero yo soy un hombre de\ndesaf\u00edos\u00bb<\/p>\n\n\n\n<p>En su mensaje, report\u00f3 que hasta ahora\nse han desplegado 58 mil 600 elementos de la Guardia Nacional en 150\ncoordinaciones territoriales, pero el objetivo es confirmar 140 mil elementos\nen 266 regiones en el pa\u00eds. <\/p>\n\n\n\n<p>L\u00f3pez Obrador asegur\u00f3 que se\n\u00abtermin\u00f3 la guerra de exterminio en contra del crimen organizado\u00bb\nporque ya no se tolerar\u00e1n redadas, masacres y razias. <\/p>\n\n\n\n<p>Al dar a conocer su balance en materia\nde seguridad, L\u00f3pez Obrador censur\u00f3 que a\u00fan se padezcan las \u00abcatastr\u00f3ficas\nconsecuencias\u00bb de una estrategia que s\u00f3lo gener\u00f3 un \u00abgrav\u00edsimo\nda\u00f1o\u00bb al tejido social, una crisis de derechos humanos y un fabuloso saldo\nde muertos, heridos y desaparecidos, motivo por el cual a\u00fan enfrenta el pa\u00eds\ninseguridad y violencia.<\/p>\n\n\n\n<p>Destac\u00f3 que la nueva pol\u00edtica de\ncombate a la delincuencia pretende regirse con el pleno respeto a los derechos\nhumanos; por eso \u00abel Estado ha dejado de ser el principal violador de los\nderechos\u00bb. <\/p>\n\n\n\n<p>Sostuvo que se cambi\u00f3 la estrategia de\nguerra por una de seguridad ciudadana, que pretende atender principalmente las\ncausas.<\/p>\n\n\n\n<p>En este marco reivindic\u00f3 el papel del Ej\u00e9rcito y la Marina en la nueva estrategia de seguridad p\u00fablica, que han participado con el uso moderado de la fuerza para garantizar la seguridad. \u00abEl marino y el soldado es pueblo uniformado\u00bb. <\/p>\n\n\n\n<figure class=\"wp-block-embed-twitter wp-block-embed is-type-rich is-provider-twitter\"><div class=\"wp-block-embed__wrapper\">\n<div class=\"twitter-tweet\"><blockquote class=\"twitter-tweet\" data-lang=\"es\"><p lang=\"es\" dir=\"ltr\">Este 1 de septiembre, el Presidente de M\u00e9xico, <a href=\"https:\/\/twitter.com\/lopezobrador_?ref_src=twsrc%5Etfw\">@lopezobrador_<\/a>, da un mensaje a la naci\u00f3n en el marco de su Primer Informe de Gobierno; destaca la austeridad en su administraci\u00f3n, que cumple nueve meses. <br>Video: Notimex <a href=\"https:\/\/t.co\/47qT8oLr2N\">pic.twitter.com\/47qT8oLr2N<\/a><\/p>&mdash; Zona Roja Oaxaca (@MexRoja) <a href=\"https:\/\/twitter.com\/MexRoja\/status\/1168215016207605761?ref_src=twsrc%5Etfw\">1 de septiembre de 2019<\/a><\/blockquote><\/div>\n<\/div><\/figure>\n\n\n\n<p>EN SALUD<\/p>\n\n\n\n<p>El sector salud tendr\u00e1 un incremento de\n40 mil millones de pesos para financiar las acciones destinadas a la atenci\u00f3n\nm\u00e9dica y garantizar la gratuidad en los medicamentos, inform\u00f3 el Presidente.<\/p>\n\n\n\n<p>\u201cSi los refrescos y los alimentos, se\ndistribuyen en todo el territorio nacional, es injustificable que no ocurra con\nlas medicinas; tenemos un buen mecanismo de abasto y distribuci\u00f3n de\nmedicamentos\u201d, indic\u00f3 en su mensaje que brinda con motivo de su Primer Informe\nde Gobierno este domingo en Palacio Nacional.<\/p>\n\n\n\n<p>Reconoci\u00f3 que una asignaci\u00f3n pendiente\nes la contrataci\u00f3n y basificaci\u00f3n de trabajadores de la salud, as\u00ed como m\u00e9dicos\ny enfermeras. Garantiz\u00f3 que en este sexenio quedar\u00e1 concluida la basificaci\u00f3n.<\/p>\n\n\n\n<p>HAY EMPLEOS<\/p>\n\n\n\n<p>En lo que va del sexenio se han creado\nm\u00e1s de 300 mil nuevos empleos, sin considerar lo generado por programas\nsociales \u201cque juntos superan el mill\u00f3n de empleos\u201d, asegur\u00f3 L\u00f3pez Obrador al\ninformar sobre el Estado que guarda la naci\u00f3n.<\/p>\n\n\n\n<p>Destac\u00f3 que el salario m\u00ednimo aument\u00f3\n16 por ciento. Seg\u00fan el IMSS, afirm\u00f3, el promedio del salario es de 11 mil 580\npesos mensuales, \u201cla cantidad m\u00e1s alta en toda la historia del pa\u00eds\u201d.<\/p>\n\n\n\n<p>ECONOM\u00cdA, TAL\u00d3N<\/p>\n\n\n\n<p>Aunque la econom\u00eda no ha crecido, no\nhay recesi\u00f3n en el pa\u00eds, asever\u00f3 el presidente Andr\u00e9s Manuel L\u00f3pez Obrador,\nquien en su informe de gobierno celebr\u00f3 el comportamiento de diversas\nvariables: en el segundo trimestre hubo un super\u00e1vit de 5 mil 143 millones de\npesos, el mayor desde 1980.<\/p>\n\n\n\n<p>La inflaci\u00f3n se ubic\u00f3 en julio en 3.8\npor ciento, la m\u00e1s baja desde diciembre bre de 2016 y las reservas\ninternacionales crecieron en 54 mil 200 millones de d\u00f3lares.<\/p>\n\n\n\n<p>Al abordar el cap\u00edtulo econ\u00f3mico de su informe, destac\u00f3 la captaci\u00f3n de 18 mil millones de d\u00f3lares como inversi\u00f3n extranjera; M\u00e9xico se ha convertido en el principal socio comercial de Estados Unidos por una combinaci\u00f3n de factores internacionales que ojal\u00e1, dijo, se arreglen pronto para la estabilidad mundial; en julio las exportaci\u00f3nes alcanzaron 39 mil millones de d\u00f3lares.<\/p>\n\n\n\n<figure class=\"wp-block-embed-twitter wp-block-embed is-type-rich is-provider-twitter\"><div class=\"wp-block-embed__wrapper\">\n<div class=\"twitter-tweet\"><blockquote class=\"twitter-tweet\" data-lang=\"es\"><p lang=\"es\" dir=\"ltr\">La titular de la <a href=\"https:\/\/twitter.com\/SEGOB_mx?ref_src=twsrc%5Etfw\">@SEGOB_mx<\/a>, <a href=\"https:\/\/twitter.com\/M_OlgaSCordero?ref_src=twsrc%5Etfw\">@M_OlgaSCordero<\/a>, entreg\u00f3 hoy al Congreso de la Uni\u00f3n el Primer Informe de Gobierno del mandatario mexicano <a href=\"https:\/\/twitter.com\/lopezobrador_?ref_src=twsrc%5Etfw\">@lopezobrador_<\/a>. <a href=\"https:\/\/t.co\/jxA9YRaMdB\">pic.twitter.com\/jxA9YRaMdB<\/a><\/p>&mdash; Zona Roja Oaxaca (@MexRoja) <a href=\"https:\/\/twitter.com\/MexRoja\/status\/1168298444877754368?ref_src=twsrc%5Etfw\">1 de septiembre de 2019<\/a><\/blockquote><\/div>\n<\/div><\/figure>\n","protected":false},"excerpt":{"rendered":"<p>Redacci\u00f3n\/Zona Roja Cdmx. Ciudad de M\u00e9xico, 1 de septiembre de 2019.- La principal loza que&hellip;<\/p>\n","protected":false},"author":2,"featured_media":3602,"comment_status":"closed","ping_status":"open","sticky":false,"template":"","format":"standard","meta":{"_lmt_disableupdate":"","_lmt_disable":"","_jetpack_memberships_contains_paid_content":false,"footnotes":""},"categories":[109,47],"tags":[143,649],"class_list":["post-3601","post","type-post","status-publish","format-standard","has-post-thumbnail","hentry","category-minuto-a-minuto","category-zona-gris","tag-andres-manuel-lopez-obrador","tag-primer-informe-de-gobierno"],"jetpack_featured_media_url":"https:\/\/zonaroja.com.mx\/wp-content\/uploads\/2019\/09\/informea.jpg","jetpack_sharing_enabled":true,"_links":{"self":[{"href":"https:\/\/zonaroja.com.mx\/index.php?rest_route=\/wp\/v2\/posts\/3601","targetHints":{"allow":["GET"]}}],"collection":[{"href":"https:\/\/zonaroja.com.mx\/index.php?rest_route=\/wp\/v2\/posts"}],"about":[{"href":"https:\/\/zonaroja.com.mx\/index.php?rest_route=\/wp\/v2\/types\/post"}],"author":[{"embeddable":true,"href":"https:\/\/zonaroja.com.mx\/index.php?rest_route=\/wp\/v2\/users\/2"}],"replies":[{"embeddable":true,"href":"https:\/\/zonaroja.com.mx\/index.php?rest_route=%2Fwp%2Fv2%2Fcomments&post=3601"}],"version-history":[{"count":1,"href":"https:\/\/zonaroja.com.mx\/index.php?rest_route=\/wp\/v2\/posts\/3601\/revisions"}],"predecessor-version":[{"id":3603,"href":"https:\/\/zonaroja.com.mx\/index.php?rest_route=\/wp\/v2\/posts\/3601\/revisions\/3603"}],"wp:featuredmedia":[{"embeddable":true,"href":"https:\/\/zonaroja.com.mx\/index.php?rest_route=\/wp\/v2\/media\/3602"}],"wp:attachment":[{"href":"https:\/\/zonaroja.com.mx\/index.php?rest_route=%2Fwp%2Fv2%2Fmedia&parent=3601"}],"wp:term":[{"taxonomy":"category","embeddable":true,"href":"https:\/\/zonaroja.com.mx\/index.php?rest_route=%2Fwp%2Fv2%2Fcategories&post=3601"},{"taxonomy":"post_tag","embeddable":true,"href":"https:\/\/zonaroja.com.mx\/index.php?rest_route=%2Fwp%2Fv2%2Ftags&post=3601"}],"curies":[{"name":"wp","href":"https:\/\/api.w.org\/{rel}","templated":true}]}}