{"id":36011,"date":"2022-01-01T17:45:03","date_gmt":"2022-01-01T23:45:03","guid":{"rendered":"http:\/\/www.zonaroja.com.mx\/?p=36011"},"modified":"2022-01-01T17:45:05","modified_gmt":"2022-01-01T23:45:05","slug":"ejecuta-fiscalia-cateo-en-la-ciudad-de-oaxaca-y-halla-4-vehiculos-robados","status":"publish","type":"post","link":"https:\/\/zonaroja.com.mx\/?p=36011","title":{"rendered":"Ejecuta Fiscal\u00eda cateo en la ciudad de Oaxaca y halla 4 veh\u00edculos robados"},"content":{"rendered":"\n<p>Redacci\u00f3n\/Zona Roja.<\/p>\n\n\n\n<p>Oaxaca de Ju\u00e1rez, Oax., 1 de enero de 2022.- La Fiscal\u00eda General del Estado de Oaxaca (FGEO) coordin\u00f3 y ejecut\u00f3 un cateo en jurisdicci\u00f3n de Oaxaca de Ju\u00e1rez, en la regi\u00f3n de Valles Centrales, donde logr\u00f3 el aseguramiento de cuatro veh\u00edculos con reporte de robo, as\u00ed como autopartes de las cuales no se acredit\u00f3 su propiedad legal.<\/p>\n\n\n\n<p>La acci\u00f3n se realiz\u00f3 en las primeras horas de este s\u00e1bado 1 de enero, a trav\u00e9s de la Coordinaci\u00f3n de Robo de Veh\u00edculos y la Agencia Estatal de Investigaciones (AEI), en un domicilio particular ubicado en la agencia de San Luis Beltr\u00e1n de la capital oaxaque\u00f1a, dando cumplimiento a la orden de cateo asentada en la causa penal 293\/2021.<\/p>\n\n\n\n<p>Agentes de Investigaci\u00f3n aseguraron en el inmueble cuatro veh\u00edculos marca Volkswagen tipo Jetta, Toyota tipo Yaris, Atlantic y Toyota tipo Corolla, respectivamente, mismos que cuentan con reporte de robo vigente en la base de datos; asimismo, se asegur\u00f3 un motor y autopartes de un veh\u00edculo marca Caravan.<\/p>\n\n\n\n<p>Los veh\u00edculos y dem\u00e1s objetos fueron puestos a disposici\u00f3n del Ministerio P\u00fablico de la FGEO.<\/p>\n\n\n\n<p>\u201cCon estas acciones, la Fiscal\u00eda General refrenda su compromiso de aplicar la Ley y combatir con firmeza la criminalidad, emprendiendo acciones que garanticen el patrimonio de las familias oaxaque\u00f1as\u201d, inform\u00f3 la Fiscal\u00eda en un comunicado de prensa.<\/p>\n","protected":false},"excerpt":{"rendered":"<p>Redacci\u00f3n\/Zona Roja. Oaxaca de Ju\u00e1rez, Oax., 1 de enero de 2022.- La Fiscal\u00eda General del&hellip;<\/p>\n","protected":false},"author":2,"featured_media":36005,"comment_status":"closed","ping_status":"open","sticky":false,"template":"","format":"standard","meta":{"_lmt_disableupdate":"","_lmt_disable":"","_jetpack_memberships_contains_paid_content":false,"footnotes":""},"categories":[109,47],"tags":[494],"class_list":["post-36011","post","type-post","status-publish","format-standard","has-post-thumbnail","hentry","category-minuto-a-minuto","category-zona-gris","tag-fiscalia-general-del-estado-de-oaxaca"],"jetpack_featured_media_url":"https:\/\/zonaroja.com.mx\/wp-content\/uploads\/2022\/01\/Cateo-FGEO-autos-capital.jpeg","jetpack_sharing_enabled":true,"_links":{"self":[{"href":"https:\/\/zonaroja.com.mx\/index.php?rest_route=\/wp\/v2\/posts\/36011","targetHints":{"allow":["GET"]}}],"collection":[{"href":"https:\/\/zonaroja.com.mx\/index.php?rest_route=\/wp\/v2\/posts"}],"about":[{"href":"https:\/\/zonaroja.com.mx\/index.php?rest_route=\/wp\/v2\/types\/post"}],"author":[{"embeddable":true,"href":"https:\/\/zonaroja.com.mx\/index.php?rest_route=\/wp\/v2\/users\/2"}],"replies":[{"embeddable":true,"href":"https:\/\/zonaroja.com.mx\/index.php?rest_route=%2Fwp%2Fv2%2Fcomments&post=36011"}],"version-history":[{"count":1,"href":"https:\/\/zonaroja.com.mx\/index.php?rest_route=\/wp\/v2\/posts\/36011\/revisions"}],"predecessor-version":[{"id":36012,"href":"https:\/\/zonaroja.com.mx\/index.php?rest_route=\/wp\/v2\/posts\/36011\/revisions\/36012"}],"wp:featuredmedia":[{"embeddable":true,"href":"https:\/\/zonaroja.com.mx\/index.php?rest_route=\/wp\/v2\/media\/36005"}],"wp:attachment":[{"href":"https:\/\/zonaroja.com.mx\/index.php?rest_route=%2Fwp%2Fv2%2Fmedia&parent=36011"}],"wp:term":[{"taxonomy":"category","embeddable":true,"href":"https:\/\/zonaroja.com.mx\/index.php?rest_route=%2Fwp%2Fv2%2Fcategories&post=36011"},{"taxonomy":"post_tag","embeddable":true,"href":"https:\/\/zonaroja.com.mx\/index.php?rest_route=%2Fwp%2Fv2%2Ftags&post=36011"}],"curies":[{"name":"wp","href":"https:\/\/api.w.org\/{rel}","templated":true}]}}