{"id":36013,"date":"2022-01-01T17:47:12","date_gmt":"2022-01-01T23:47:12","guid":{"rendered":"http:\/\/www.zonaroja.com.mx\/?p=36013"},"modified":"2022-01-01T17:47:16","modified_gmt":"2022-01-01T23:47:16","slug":"sin-entrega-recepcion-y-sin-edil-saliente-llega-nuevo-presidente-a-santa-lucia-del-camino","status":"publish","type":"post","link":"https:\/\/zonaroja.com.mx\/?p=36013","title":{"rendered":"Sin entrega-recepci\u00f3n y sin edil saliente, llega nuevo presidente a Santa Luc\u00eda del Camino"},"content":{"rendered":"\n<p>Yuridiana Sosa\/ Zona Roja<\/p>\n\n\n\n<p>Oaxaca de Ju\u00e1rez, Oax., 1 de enero de 2022.- El relevo de autoridades municipales en Santa Luc\u00eda del Camino se llev\u00f3 a cabo sin la presencia del Cabildo saliente encabezado por Dante Monta\u00f1o y con la presencia de 12 de 13 concejales a cargo de Juan Carlos Garc\u00eda M\u00e1rquez, emanado de Morena.<\/p>\n\n\n\n<p>La sesi\u00f3n solemne para la instalaci\u00f3n de las nuevas autoridades, realizada en la explanada frente a palacio municipal, comenz\u00f3 con atraso, pero no se registraron actos que entorpecieran la ceremonia.<\/p>\n\n\n\n<p>Una vez que arrib\u00f3 Garc\u00eda M\u00e1rquez al recinto oficial, ocup\u00f3 su lugar en el estrado junto a sus compa\u00f1eros concejales, para de inmediato dar inicio a la sesi\u00f3n solemne en la que rindi\u00f3 protesta como edil y despu\u00e9s tom\u00f3 protesta a los integrantes del Cabildo.<\/p>\n\n\n\n<figure class=\"wp-block-embed is-type-rich is-provider-twitter wp-block-embed-twitter\"><div class=\"wp-block-embed__wrapper\">\n<div class=\"twitter-tweet\"><blockquote class=\"twitter-tweet\" data-lang=\"es\"><p lang=\"es\" dir=\"ltr\">Tras rendir protesta como edil del Santa Luc\u00eda del Camino, <a href=\"https:\/\/twitter.com\/JC_GMarquez?ref_src=twsrc%5Etfw\">@JC_GMarquez<\/a> se comprometi\u00f3 a trabajar intensamente para transformar el municipio; lament\u00f3 que no haya habido entrega-recepci\u00f3n a fin de conocer a detalle la situaci\u00f3n del ayuntamiento. <a href=\"https:\/\/t.co\/1Jsl684Toz\">pic.twitter.com\/1Jsl684Toz<\/a><\/p>&mdash; Zona Roja Oaxaca (@Zona_Roja_Oax) <a href=\"https:\/\/twitter.com\/Zona_Roja_Oax\/status\/1477413332382588931?ref_src=twsrc%5Etfw\">1 de enero de 2022<\/a><\/blockquote><\/div>\n<\/div><\/figure>\n\n\n\n<p>El nuevo edil de Santa Luc\u00eda del Camino prometi\u00f3 que llevar\u00e1 un gobierno de mujeres, donde \u201cquien se meta con las mujeres lo pagar\u00e1 con el peso de la ley\u201d, as\u00ed como resolver el abastecimiento de agua, una de las mayores necesidades de la poblaci\u00f3n vecina a la capital.<\/p>\n\n\n\n<p>\u201cLa Cuarta Transformaci\u00f3n lleg\u00f3 para quedarse\u201d, se\u00f1al\u00f3 el nuevo presidente emanado de Morena.<\/p>\n\n\n\n<p>Su antecesor postulado por el Partido del Trabajo pero que gan\u00f3 con la colaci\u00f3n de \u201cJuntos haremos historia\u201d en 2018, fue acusado en su trienio de diversas irregularidades que se contrapon\u00edan com los principios del proyecto de la cuarta transformaci\u00f3n.<\/p>\n","protected":false},"excerpt":{"rendered":"<p>Yuridiana Sosa\/ Zona Roja Oaxaca de Ju\u00e1rez, Oax., 1 de enero de 2022.- El relevo&hellip;<\/p>\n","protected":false},"author":2,"featured_media":36008,"comment_status":"closed","ping_status":"open","sticky":false,"template":"","format":"standard","meta":{"_lmt_disableupdate":"","_lmt_disable":"","_jetpack_memberships_contains_paid_content":false,"footnotes":""},"categories":[109,46],"tags":[2533],"class_list":["post-36013","post","type-post","status-publish","format-standard","has-post-thumbnail","hentry","category-minuto-a-minuto","category-zona-blanca","tag-juan-carlos-garcia-marquez"],"jetpack_featured_media_url":"https:\/\/zonaroja.com.mx\/wp-content\/uploads\/2022\/01\/Juan-Carlos-Garcia-Marquez-Santa-Lucia.jpg","jetpack_sharing_enabled":true,"_links":{"self":[{"href":"https:\/\/zonaroja.com.mx\/index.php?rest_route=\/wp\/v2\/posts\/36013","targetHints":{"allow":["GET"]}}],"collection":[{"href":"https:\/\/zonaroja.com.mx\/index.php?rest_route=\/wp\/v2\/posts"}],"about":[{"href":"https:\/\/zonaroja.com.mx\/index.php?rest_route=\/wp\/v2\/types\/post"}],"author":[{"embeddable":true,"href":"https:\/\/zonaroja.com.mx\/index.php?rest_route=\/wp\/v2\/users\/2"}],"replies":[{"embeddable":true,"href":"https:\/\/zonaroja.com.mx\/index.php?rest_route=%2Fwp%2Fv2%2Fcomments&post=36013"}],"version-history":[{"count":1,"href":"https:\/\/zonaroja.com.mx\/index.php?rest_route=\/wp\/v2\/posts\/36013\/revisions"}],"predecessor-version":[{"id":36014,"href":"https:\/\/zonaroja.com.mx\/index.php?rest_route=\/wp\/v2\/posts\/36013\/revisions\/36014"}],"wp:featuredmedia":[{"embeddable":true,"href":"https:\/\/zonaroja.com.mx\/index.php?rest_route=\/wp\/v2\/media\/36008"}],"wp:attachment":[{"href":"https:\/\/zonaroja.com.mx\/index.php?rest_route=%2Fwp%2Fv2%2Fmedia&parent=36013"}],"wp:term":[{"taxonomy":"category","embeddable":true,"href":"https:\/\/zonaroja.com.mx\/index.php?rest_route=%2Fwp%2Fv2%2Fcategories&post=36013"},{"taxonomy":"post_tag","embeddable":true,"href":"https:\/\/zonaroja.com.mx\/index.php?rest_route=%2Fwp%2Fv2%2Ftags&post=36013"}],"curies":[{"name":"wp","href":"https:\/\/api.w.org\/{rel}","templated":true}]}}