{"id":36015,"date":"2022-01-01T17:50:34","date_gmt":"2022-01-01T23:50:34","guid":{"rendered":"http:\/\/www.zonaroja.com.mx\/?p=36015"},"modified":"2022-01-01T17:50:38","modified_gmt":"2022-01-01T23:50:38","slug":"llega-primer-gobierno-de-morena-a-tuxtepec-rinde-protesta-irineo-molina","status":"publish","type":"post","link":"https:\/\/zonaroja.com.mx\/?p=36015","title":{"rendered":"Llega primer gobierno de Morena a Tuxtepec; rinde protesta Irineo Molina"},"content":{"rendered":"\n<p>Yuridiana Sosa\/Zona Roja.<\/p>\n\n\n\n<p>Oaxaca de Ju\u00e1rez, Oax., 1 de enero de 2022.- Irineo Molina Espinoza rindi\u00f3 protesta este s\u00e1bado como presidente municipal de San Juan Bautista Tuxtepec, convirti\u00e9ndose en la primera administraci\u00f3n emanada del Partido Morena.<\/p>\n\n\n\n<p>La sesi\u00f3n de Cabildo para el relevo de autoridades, realizada en el parque \u201cBenito Ju\u00e1rez\u201d frente a Palacio Municipal, se llev\u00f3 acabo sin contratiempos, ni manifestaciones contra ninguna autoridad.<\/p>\n\n\n\n<p>Molina Espinoza tendr\u00e1 entre su Cabildo al edil saliente, No\u00e9 Ramirez Ch\u00e1vez, quien disput\u00f3 una reelecci\u00f3n en la jornada electoral pasada por el partido Movimiento Ciudadano, as\u00ed como a Mar\u00eda Luisa Vallejo, viuda del ex edil fallecido en julio de 2020, Fernando Bautista D\u00e1vila, al competir por la presidencia del municipio que ayud\u00f3 a gobernar desde el 2017.<\/p>\n\n\n\n<p>Durante su discurso, el nuevo presidente se\u00f1al\u00f3 que toma el control de un municipio con 15 a\u00f1os de retroceso en materia econ\u00f3mica y social, de acuerdo con datos del Coneval; adem\u00e1s de rezago en infraestructura y servicios municipales.<\/p>\n\n\n\n<p>Resalt\u00f3 que el periodo de entrega-recepci\u00f3n no fue suficiente para conocer a esta fecha la totalidad del estado que guarda el municipio, del que dar\u00e1 cuentas una vez que tome el control de la informaci\u00f3n.<\/p>\n\n\n\n<p>Para combatir las deficiencias en este municipio, el m\u00e1s grande de la regi\u00f3n de la Cuenca, dio a conocer una serie de programas y estrategias que formar\u00e1n parte del Plan Municipal de Desarrollo.<\/p>\n\n\n\n<p>\u201cGobierno austero, innovador y cercano al pueblo\u201d, ofreci\u00f3 el nuevo presidente ante cientos de asistentes.<\/p>\n\n\n\n<p>Posterior a esta actividad, el cuerpo colegiado se reuni\u00f3 en el palacio municipal para llevar a cabo su primera sesi\u00f3n de Cabildo, la cual fue a puerta cerrada.<\/p>\n","protected":false},"excerpt":{"rendered":"<p>Yuridiana Sosa\/Zona Roja. Oaxaca de Ju\u00e1rez, Oax., 1 de enero de 2022.- Irineo Molina Espinoza&hellip;<\/p>\n","protected":false},"author":2,"featured_media":36006,"comment_status":"closed","ping_status":"open","sticky":false,"template":"","format":"standard","meta":{"_lmt_disableupdate":"","_lmt_disable":"","_jetpack_memberships_contains_paid_content":false,"footnotes":""},"categories":[109,46],"tags":[2710],"class_list":["post-36015","post","type-post","status-publish","format-standard","has-post-thumbnail","hentry","category-minuto-a-minuto","category-zona-blanca","tag-irineo-molina-espinosa"],"jetpack_featured_media_url":"https:\/\/zonaroja.com.mx\/wp-content\/uploads\/2022\/01\/Irineo-Molina-Tuxtepec.jpg","jetpack_sharing_enabled":true,"_links":{"self":[{"href":"https:\/\/zonaroja.com.mx\/index.php?rest_route=\/wp\/v2\/posts\/36015","targetHints":{"allow":["GET"]}}],"collection":[{"href":"https:\/\/zonaroja.com.mx\/index.php?rest_route=\/wp\/v2\/posts"}],"about":[{"href":"https:\/\/zonaroja.com.mx\/index.php?rest_route=\/wp\/v2\/types\/post"}],"author":[{"embeddable":true,"href":"https:\/\/zonaroja.com.mx\/index.php?rest_route=\/wp\/v2\/users\/2"}],"replies":[{"embeddable":true,"href":"https:\/\/zonaroja.com.mx\/index.php?rest_route=%2Fwp%2Fv2%2Fcomments&post=36015"}],"version-history":[{"count":1,"href":"https:\/\/zonaroja.com.mx\/index.php?rest_route=\/wp\/v2\/posts\/36015\/revisions"}],"predecessor-version":[{"id":36016,"href":"https:\/\/zonaroja.com.mx\/index.php?rest_route=\/wp\/v2\/posts\/36015\/revisions\/36016"}],"wp:featuredmedia":[{"embeddable":true,"href":"https:\/\/zonaroja.com.mx\/index.php?rest_route=\/wp\/v2\/media\/36006"}],"wp:attachment":[{"href":"https:\/\/zonaroja.com.mx\/index.php?rest_route=%2Fwp%2Fv2%2Fmedia&parent=36015"}],"wp:term":[{"taxonomy":"category","embeddable":true,"href":"https:\/\/zonaroja.com.mx\/index.php?rest_route=%2Fwp%2Fv2%2Fcategories&post=36015"},{"taxonomy":"post_tag","embeddable":true,"href":"https:\/\/zonaroja.com.mx\/index.php?rest_route=%2Fwp%2Fv2%2Ftags&post=36015"}],"curies":[{"name":"wp","href":"https:\/\/api.w.org\/{rel}","templated":true}]}}