{"id":36017,"date":"2022-01-01T17:59:14","date_gmt":"2022-01-01T23:59:14","guid":{"rendered":"http:\/\/www.zonaroja.com.mx\/?p=36017"},"modified":"2022-01-01T17:59:17","modified_gmt":"2022-01-01T23:59:17","slug":"amagan-ambulantes-a-neri-con-regresar-al-centro-historico","status":"publish","type":"post","link":"https:\/\/zonaroja.com.mx\/?p=36017","title":{"rendered":"Amagan ambulantes a Neri con regresar al Centro Hist\u00f3rico"},"content":{"rendered":"\n<p>Redacci\u00f3n\/Zona Roja.<\/p>\n\n\n\n<p>Oaxaca de Ju\u00e1rez, Oax., 1 de enero de 2022.- Mientras Francisco Mart\u00ednez Neri rend\u00eda protesta como presidente municipal de Oaxaca de Ju\u00e1rez, medio centenar de vendedores ambulantes intent\u00f3 regresar al Centro Hist\u00f3rico.<\/p>\n\n\n\n<p>Fue en la primera calle de Flores Mag\u00f3n en que colocaron algunos puestos en el piso, con la finalidad de exigir que les permitan retornar a esos espacios para sus ventas.<\/p>\n\n\n\n<p>Ante la presencia de elementos de la polic\u00eda municipal, demandaron di\u00e1logo y respeto a sus actividades y alto a la represi\u00f3n.<\/p>\n\n\n\n<p>\u201cLlevamos m\u00e1s de seis meses sin llevar alimento a nuestras familias, querernos regresar a nuestro lugar de trabajo, fuimos desalojados por la polic\u00eda municipal llegando a golpear a mujeres y ni\u00f1os trat\u00e1ndonos como delincuentes\u201d, expusieron en una lona.<\/p>\n\n\n\n<figure class=\"wp-block-embed is-type-rich is-provider-twitter wp-block-embed-twitter\"><div class=\"wp-block-embed__wrapper\">\n<div class=\"twitter-tweet\"><blockquote class=\"twitter-tweet\" data-lang=\"es\"><p lang=\"es\" dir=\"ltr\"><a href=\"https:\/\/twitter.com\/hashtag\/%C3%9AltimoMinuto?src=hash&amp;ref_src=twsrc%5Etfw\">#\u00daltimoMinuto<\/a> <br>La primera protesta en el gobierno del edil de <a href=\"https:\/\/twitter.com\/hashtag\/Oaxaca?src=hash&amp;ref_src=twsrc%5Etfw\">#Oaxaca<\/a> de Ju\u00e1rez, <a href=\"https:\/\/twitter.com\/FMartinezNeri?ref_src=twsrc%5Etfw\">@FMartinezNeri<\/a> es de vendedores ambulantes. <br>Amagan con instalarse en la primera calle de Flores Mag\u00f3n, Centro Hist\u00f3rico. <br>La polic\u00eda municipal hace presencia en la zona. <a href=\"https:\/\/t.co\/xTEAut4aFl\">pic.twitter.com\/xTEAut4aFl<\/a><\/p>&mdash; Zona Roja Oaxaca (@Zona_Roja_Oax) <a href=\"https:\/\/twitter.com\/Zona_Roja_Oax\/status\/1477367134728634372?ref_src=twsrc%5Etfw\">1 de enero de 2022<\/a><\/blockquote><\/div>\n<\/div><\/figure>\n\n\n\n<p>\u201cNo a la represi\u00f3n contra los artesanos del Centro Hist\u00f3rico\u201d. \u201cSr. Presidente Francisco Mart\u00ednez Neri: pedimos el derecho al trabajo para el comerciante ambulante. No queremos m\u00e1s represi\u00f3n\u201d, difundieron en cartulinas.<\/p>\n\n\n\n<p>Por parte del nuevo gobierno municipal de Oaxaca de Ju\u00e1rez, no hubo informaci\u00f3n respecto a la atenci\u00f3n o no a esta protesta e intento de regresar con puestos al Centro Hist\u00f3rico de la capital.<\/p>\n","protected":false},"excerpt":{"rendered":"<p>Redacci\u00f3n\/Zona Roja. Oaxaca de Ju\u00e1rez, Oax., 1 de enero de 2022.- Mientras Francisco Mart\u00ednez Neri&hellip;<\/p>\n","protected":false},"author":2,"featured_media":36007,"comment_status":"closed","ping_status":"open","sticky":false,"template":"","format":"standard","meta":{"_lmt_disableupdate":"","_lmt_disable":"","_jetpack_memberships_contains_paid_content":false,"footnotes":""},"categories":[109,47],"tags":[2418],"class_list":["post-36017","post","type-post","status-publish","format-standard","has-post-thumbnail","hentry","category-minuto-a-minuto","category-zona-gris","tag-francisco-martinez-neri"],"jetpack_featured_media_url":"https:\/\/zonaroja.com.mx\/wp-content\/uploads\/2022\/01\/Ambulantes-1-de-enero-ciudad-de-Oaxaca.jpg","jetpack_sharing_enabled":true,"_links":{"self":[{"href":"https:\/\/zonaroja.com.mx\/index.php?rest_route=\/wp\/v2\/posts\/36017","targetHints":{"allow":["GET"]}}],"collection":[{"href":"https:\/\/zonaroja.com.mx\/index.php?rest_route=\/wp\/v2\/posts"}],"about":[{"href":"https:\/\/zonaroja.com.mx\/index.php?rest_route=\/wp\/v2\/types\/post"}],"author":[{"embeddable":true,"href":"https:\/\/zonaroja.com.mx\/index.php?rest_route=\/wp\/v2\/users\/2"}],"replies":[{"embeddable":true,"href":"https:\/\/zonaroja.com.mx\/index.php?rest_route=%2Fwp%2Fv2%2Fcomments&post=36017"}],"version-history":[{"count":1,"href":"https:\/\/zonaroja.com.mx\/index.php?rest_route=\/wp\/v2\/posts\/36017\/revisions"}],"predecessor-version":[{"id":36018,"href":"https:\/\/zonaroja.com.mx\/index.php?rest_route=\/wp\/v2\/posts\/36017\/revisions\/36018"}],"wp:featuredmedia":[{"embeddable":true,"href":"https:\/\/zonaroja.com.mx\/index.php?rest_route=\/wp\/v2\/media\/36007"}],"wp:attachment":[{"href":"https:\/\/zonaroja.com.mx\/index.php?rest_route=%2Fwp%2Fv2%2Fmedia&parent=36017"}],"wp:term":[{"taxonomy":"category","embeddable":true,"href":"https:\/\/zonaroja.com.mx\/index.php?rest_route=%2Fwp%2Fv2%2Fcategories&post=36017"},{"taxonomy":"post_tag","embeddable":true,"href":"https:\/\/zonaroja.com.mx\/index.php?rest_route=%2Fwp%2Fv2%2Ftags&post=36017"}],"curies":[{"name":"wp","href":"https:\/\/api.w.org\/{rel}","templated":true}]}}