{"id":36025,"date":"2022-01-02T07:05:53","date_gmt":"2022-01-02T13:05:53","guid":{"rendered":"http:\/\/www.zonaroja.com.mx\/?p=36025"},"modified":"2022-01-02T07:05:57","modified_gmt":"2022-01-02T13:05:57","slug":"susana-harp-la-lucha-por-oaxaca-dentro-de-morena-es-por-mi-y-por-todas-las-mujeres","status":"publish","type":"post","link":"https:\/\/zonaroja.com.mx\/?p=36025","title":{"rendered":"Susana Harp: \u201cLa lucha por Oaxaca dentro de Morena es por m\u00ed y por todas las mujeres\u201d"},"content":{"rendered":"\n<p>Redacci\u00f3n\/Zona Roja Cdmx.<\/p>\n\n\n\n<p>Ciudad de M\u00e9xico, 2 de enero de 2022.- La senadora de Morena Susana Harp (Oaxaca, 1968) anunci\u00f3 que llevar\u00e1 hasta el Tribunal Electoral la decisi\u00f3n de su partido de convertir a Salom\u00f3n Jara en el candidato al gobierno de Oaxaca para las elecciones de junio.<\/p>\n\n\n\n<p>La decisi\u00f3n se tom\u00f3 de acuerdo con el resultado de varias encuestas y seg\u00fan criterios de competitividad y paridad de g\u00e9nero, tal y como obliga el Instituto Electoral.<\/p>\n\n\n\n<p>Conocida por su m\u00fasica y sus actividades como promotora cultural antes que por la pol\u00e9mica que ahora la rodea, la protesta de Harp no tiene que ver con el resultado de las encuestas cuyos resultados, dice en una entrevista telef\u00f3nica con EL PA\u00cdS, son \u201cextra\u00f1os\u201d, sino por el hecho de que el partido haya elegido a otras aspirantes menos competitivas que ella.<\/p>\n\n\n\n<p>Seg\u00fan la ley, los partidos estaban obligados a elegir a mujeres como candidatas en, al menos, tres de los seis Estados que renovar\u00e1n a sus gobernadores en 2022 y Morena decidi\u00f3 que as\u00ed ocurrir\u00e1 en Aguascalientes, Durango y Quintana Roo, cumpliendo de esta forma con la exigencia de paridad.<\/p>\n\n\n\n<p>Pregunta: \u00bfQu\u00e9 es lo que pretende impugnar?<\/p>\n\n\n\n<p>Respuesta: Voy a impugnar el criterio porque no es eso lo que marca la Constituci\u00f3n. Soy la segunda mujer mejor evaluada de las seis entidades y las y los oaxaque\u00f1os prefieren en un 52,55% que la candidatura sea de una mujer. Hay dos Estados de la Rep\u00fablica, especialmente Aguascalientes, en los que Morena tiene muy pocas posibilidades de ganar y ah\u00ed s\u00ed ponen a una mujer. En las encuestas de Oaxaca durante alg\u00fan tiempo era la primera y despu\u00e9s la segunda y resulta que no voy, esa es la paradoja.<\/p>\n\n\n\n<p>P. Entiendo que el objetivo de ese criterio es que las mujeres lleguen al poder no que sean floreros en una contienda.<\/p>\n\n\n\n<p>R. La paridad de g\u00e9nero debe impulsar a las mujeres que somos m\u00e1s competitivas y contamos con mayor nivel de conocimiento y aceptaci\u00f3n en nuestros Estados. No podemos permitir, una vez m\u00e1s, que las acciones afirmativas hacia las mujeres sean para las contiendas m\u00e1s desfavorables. Debemos ser candidatas las mujeres que tenemos las puntuaciones m\u00e1s altas para ganar las gubernaturas en 2022, para hacer realidad la transformaci\u00f3n y el empoderamiento de las mujeres.<\/p>\n\n\n\n<p>P. En las encuestas siempre estaba arriba, \u00bfqu\u00e9 pas\u00f3?<\/p>\n\n\n\n<p>R. Me hago la misma pregunta. Qu\u00e9 ha cambiado de pronto para terminar casi en un tercer lugar en Oaxaca. Es muy extra\u00f1o, pero m\u00e1s all\u00e1 de las de las encuestas, porque yo firm\u00e9 un acuerdo para respetar el resultado, qued\u00e9 como la segunda mujer mejor posicionada dentro de esas encuestas extra\u00f1as en las que hab\u00eda otras seis mujeres y a\u00fan as\u00ed no estoy.<\/p>\n\n\n\n<p>P. \u00bfA qui\u00e9n responsabiliza del resultado?<\/p>\n\n\n\n<p>R. Estoy esperando una explicaci\u00f3n y por eso voy a hacer la impugnaci\u00f3n primero dentro del partido y despu\u00e9s al Tribunal Electoral si es necesario.<\/p>\n\n\n\n<p>P. Usted se comprometi\u00f3 a aceptar los resultados.<\/p>\n\n\n\n<p>R. Yo solo pregunto por qu\u00e9 sal\u00ed en las encuestas en un lugar tan extra\u00f1o despu\u00e9s de estar seis meses arriba. La decisi\u00f3n se tom\u00f3 la madrugada del mi\u00e9rcoles y est\u00e1 mal tomada.<\/p>\n\n\n\n<p>P. Una pol\u00e9mica de g\u00e9nero no deja muy bien parado a Morena.<\/p>\n\n\n\n<p>R. Precisamente por eso voy a ir hasta el final. Porque s\u00e9 que tengo derecho y esta lucha dentro de Morena es por m\u00ed y por todas las mujeres. M\u00e1s all\u00e1 de tener o no tener la candidatura, la Constituci\u00f3n no se puede interpretar a modo.<\/p>\n\n\n\n<p>P. \u00bfSe f\u00eda de quien est\u00e1 tomando estas decisiones?<\/p>\n\n\n\n<p>R. Yo acept\u00e9 un proceso, acept\u00e9 unas reglas y por eso no estoy debatiendo eso. Quiz\u00e1 el error fue previo.<\/p>\n\n\n\n<p>P. \u00bfCree que L\u00f3pez Obrador est\u00e1 enterado de lo que le ha sucedido?<\/p>\n\n\n\n<p>R. El presidente sabe lo que est\u00e1 pasando porque es el m\u00e1s informado y, por supuesto, si en Morena no se resuelve acudir\u00e9 al Tribunal Federal Electoral.<\/p>\n\n\n\n<p>P. \u00bfY llevar el asunto a Palacio Nacional?<\/p>\n\n\n\n<p>R. No lo s\u00e9. Yo voy a seguir ahorita por lo pronto mi ruta y ver\u00e9 qu\u00e9 tengo que hacer despu\u00e9s. No lo s\u00e9 en este momento.<\/p>\n\n\n\n<p>P. \u00bfQu\u00e9 le ha dicho Mario Delgado?<\/p>\n\n\n\n<p>R. Habl\u00e9 el d\u00eda que dieron los resultados. Le dije que cumplir\u00eda mi palabra de aceptar el resultado de las encuestas, aunque eran muy extra\u00f1os los resultados que me estaban presentando. Le avis\u00e9 que no estaba conforme con la manera en que se estaba procediendo con la paridad de g\u00e9nero y el criterio utilizado. Me dijo que estaba en mi derecho.<\/p>\n\n\n\n<p>P. \u00bfCu\u00e1les son las principales carencias en Oaxaca?<\/p>\n\n\n\n<p>R. Pues hay muchas. Ahora se agudiz\u00f3 la falta de trabajo debido a la pandemia y tambi\u00e9n las carencias en salud acentuadas por el virus. La educaci\u00f3n es tambi\u00e9n algo constante que piden las comunidades. Oaxaca tiene un problema de dispersi\u00f3n brutal de comunidades y llevar los servicios es un tema muy complejo que necesita una organizaci\u00f3n de manera microrregional y esa la idea. Al mismo tiempo, Oaxaca tiene muchos problemas de conexi\u00f3n porque lo cruza la Sierra Madre Oriental y por lo tanto es complejo hacer carreteras, caminos, brechas. Sin embargo, esa misma complejidad nos da todos los climas posibles. Por su orograf\u00eda Oaxaca tiene todos los climas que hay en el mundo excepto la tundra y eso genera una gran biodiversidad. En Oaxaca no tenemos tres tipos de ma\u00edz o cuatro tipos de agaves sino m\u00e1s de 35. Es una locura maravillosa de vida.<\/p>\n\n\n\n<p>P. \u00bfC\u00f3mo valora el Gobierno de Alejandro Murat?<\/p>\n\n\n\n<p>R. Pues tiene aciertos y rezagos y uno de ellos es la conectividad. Hasta que no lleg\u00f3 el presidente a meter el hombro las dos carreteras que fueron transexenales no avanzaban. Su inauguraci\u00f3n supondr\u00eda un cambio tan grande como cuando se puso en marcha la carretera que va a la Ciudad de M\u00e9xico. Eso cambi\u00f3 el rostro de Oaxaca al pasar de una que tardaba ocho horas y estaba llena de curvas a otra de cuatro horas y media y donde la gente maneja segura. As\u00ed que siguen pendientes dos carreteras, la de Oaxaca a la costa y la que va al Istmo.<\/p>\n\n\n\n<p>P. \u00bfY lo m\u00e1s positivo?<\/p>\n\n\n\n<p>R. En tiempo de pandemia aument\u00f3 el producto interno bruto y hubo un desarrollo que no lleg\u00f3 al resto del pa\u00eds. No s\u00e9 c\u00f3mo lo hicieron pero jalaron inversi\u00f3n.<\/p>\n\n\n\n<p>P. \u00bfQu\u00e9 pasa con su carrera musical? \u00bfEn qu\u00e9 lugar queda?<\/p>\n\n\n\n<p>R. Tuve que dejarla. No es posible poder estar en ambos espacios. El Senado es muy demandante y tambi\u00e9n lo es estar visitando a las comunidades hay que estar en lo hay que estar. Para cantar y componer necesito estudio, silencio, rituales\u2026 Todos mis discos son de mucha recopilaci\u00f3n y me llevan de uno a dos a\u00f1os cada uno. Jam\u00e1s he hecho cancioncitas de amor y desamor. Me gusta mucho trabajar as\u00ed y nunca pensar\u00eda hacerlo de otra forma.<\/p>\n\n\n\n<p>P. \u00bfLe merece la pena los disgustos que le da la pol\u00edtica?<\/p>\n\n\n\n<p>R. Por supuesto que ha valido la pena. Lo logrado en el Senado me hace inmensamente feliz. \u00bfSabes cu\u00e1ntas veces cant\u00e9 canciones como \u201cSoy el negro de la costa?\u201d. Y por m\u00e1s visibilidad que yo intentaba darle desde un escenario, cambiar el micr\u00f3fono por una ley en el Senado que lleva sus exigencias a la Constituci\u00f3n supone un cambio radical.<\/p>\n\n\n\n<p>Entrevista publicada en \u201cEl Pa\u00eds\u201d<\/p>\n\n\n\n<figure class=\"wp-block-embed\"><div class=\"wp-block-embed__wrapper\">\nhttps:\/\/elpais.com\/mexico\/2021-12-27\/susana-harp-la-lucha-por-oaxaca-dentro-de-morena-es-por-mi-y-por-todas-las-mujeres.html.\n<\/div><\/figure>\n","protected":false},"excerpt":{"rendered":"<p>Redacci\u00f3n\/Zona Roja Cdmx. Ciudad de M\u00e9xico, 2 de enero de 2022.- La senadora de Morena&hellip;<\/p>\n","protected":false},"author":2,"featured_media":30471,"comment_status":"closed","ping_status":"open","sticky":false,"template":"","format":"standard","meta":{"_lmt_disableupdate":"","_lmt_disable":"","_jetpack_memberships_contains_paid_content":false,"footnotes":""},"categories":[109,46],"tags":[1685],"class_list":["post-36025","post","type-post","status-publish","format-standard","has-post-thumbnail","hentry","category-minuto-a-minuto","category-zona-blanca","tag-susana-harp-iturribarria"],"jetpack_featured_media_url":"https:\/\/zonaroja.com.mx\/wp-content\/uploads\/2021\/08\/img_2938.jpg","jetpack_sharing_enabled":true,"_links":{"self":[{"href":"https:\/\/zonaroja.com.mx\/index.php?rest_route=\/wp\/v2\/posts\/36025","targetHints":{"allow":["GET"]}}],"collection":[{"href":"https:\/\/zonaroja.com.mx\/index.php?rest_route=\/wp\/v2\/posts"}],"about":[{"href":"https:\/\/zonaroja.com.mx\/index.php?rest_route=\/wp\/v2\/types\/post"}],"author":[{"embeddable":true,"href":"https:\/\/zonaroja.com.mx\/index.php?rest_route=\/wp\/v2\/users\/2"}],"replies":[{"embeddable":true,"href":"https:\/\/zonaroja.com.mx\/index.php?rest_route=%2Fwp%2Fv2%2Fcomments&post=36025"}],"version-history":[{"count":1,"href":"https:\/\/zonaroja.com.mx\/index.php?rest_route=\/wp\/v2\/posts\/36025\/revisions"}],"predecessor-version":[{"id":36026,"href":"https:\/\/zonaroja.com.mx\/index.php?rest_route=\/wp\/v2\/posts\/36025\/revisions\/36026"}],"wp:featuredmedia":[{"embeddable":true,"href":"https:\/\/zonaroja.com.mx\/index.php?rest_route=\/wp\/v2\/media\/30471"}],"wp:attachment":[{"href":"https:\/\/zonaroja.com.mx\/index.php?rest_route=%2Fwp%2Fv2%2Fmedia&parent=36025"}],"wp:term":[{"taxonomy":"category","embeddable":true,"href":"https:\/\/zonaroja.com.mx\/index.php?rest_route=%2Fwp%2Fv2%2Fcategories&post=36025"},{"taxonomy":"post_tag","embeddable":true,"href":"https:\/\/zonaroja.com.mx\/index.php?rest_route=%2Fwp%2Fv2%2Ftags&post=36025"}],"curies":[{"name":"wp","href":"https:\/\/api.w.org\/{rel}","templated":true}]}}