{"id":36033,"date":"2022-01-02T15:18:07","date_gmt":"2022-01-02T21:18:07","guid":{"rendered":"http:\/\/www.zonaroja.com.mx\/?p=36033"},"modified":"2022-01-02T15:18:10","modified_gmt":"2022-01-02T21:18:10","slug":"mi-detencion-busca-generar-un-clima-de-caos-al-interior-de-la-uabjo-martinez-helmes","status":"publish","type":"post","link":"https:\/\/zonaroja.com.mx\/?p=36033","title":{"rendered":"\u201cMi detenci\u00f3n busca generar un clima de caos al interior de la UABJO\u201d: Mart\u00ednez Helmes"},"content":{"rendered":"\n<p>Redacci\u00f3n\/Estado 20.<\/p>\n\n\n\n<p>Oaxaca de Ju\u00e1rez, Oax., 2 de enero de 2022.- El ex rector de la Universidad Aut\u00f3noma \u201cBenito Ju\u00e1rez\u201d de Oaxaca (UABJO), Eduardo Mart\u00ednez Helmes, asegur\u00f3 que su detenci\u00f3n \u201cno tiene otro fin m\u00e1s que tratar de generar un clima de caos\u201d al interior de la universidad.<\/p>\n\n\n\n<p>Mediante un comunicado, dijo que fue aprehendido el pasado 31 de diciembre de 2021 por la supuesta falta de dos declaraciones de impuestos.<\/p>\n\n\n\n<p>\u201cLa comunidad universitaria y la sociedad oaxaque\u00f1a deben saber con absoluta verdad el m\u00f3vil de esta grave afectaci\u00f3n a mi libertad personal, pero al mismo tiempo, expreso mi f\u00e9rrea convicci\u00f3n por mantener la defensa de la autonom\u00eda universitaria\u201d, afirm\u00f3.<\/p>\n\n\n\n<p>Seg\u00fan la Fiscal\u00eda General de Oaxaca y la Fiscal\u00eda Especializada en Combate a la Corrupci\u00f3n, Mart\u00ednez Helmes fue aprehendido por su presunta participaci\u00f3n en la comisi\u00f3n del delito de Equiparado a la Defraudaci\u00f3n Fiscal Agravado contra la Hacienda Estatal.<\/p>\n\n\n\n<p>\u201cLa aprehensi\u00f3n se concret\u00f3 por la probable responsabilidad del imputado en la configuraci\u00f3n del Delito de Equiparado a la Defraudaci\u00f3n Fiscal Agravado, asentado en el Art\u00edculo 283 fracci\u00f3n VI y sancionado por 282 fracci\u00f3n III y 278 del C\u00f3digo Fiscal para el Estado de Oaxaca\u201d.<\/p>\n\n\n\n<p>Mart\u00ednez Helmes expres\u00f3 que su libertad est\u00e1 restringida y sobre su persona podr\u00e1n decirse mentiras o infamias legales, pero dijo que su pensamiento est\u00e1 firme y claro, y que el pr\u00f3ximo 13 de mayo de 2022 todos los universitarios podr\u00e1n acudir a las urnas y ejercer su autonom\u00eda.<\/p>\n\n\n\n<p>\u201cNo debemos doblegar la legalidad y el respeto a la autonom\u00eda, por el contrario seguimos firmes que en la conciencia honesta y el actuar congruente defendemos la victoria y el respeto a la autonom\u00eda\u201d, finaliz\u00f3.<\/p>\n","protected":false},"excerpt":{"rendered":"<p>Redacci\u00f3n\/Estado 20. Oaxaca de Ju\u00e1rez, Oax., 2 de enero de 2022.- El ex rector de&hellip;<\/p>\n","protected":false},"author":2,"featured_media":36034,"comment_status":"closed","ping_status":"open","sticky":false,"template":"","format":"standard","meta":{"_lmt_disableupdate":"","_lmt_disable":"","_jetpack_memberships_contains_paid_content":false,"footnotes":""},"categories":[109,47],"tags":[1347],"class_list":["post-36033","post","type-post","status-publish","format-standard","has-post-thumbnail","hentry","category-minuto-a-minuto","category-zona-gris","tag-eduardo-martinez-helmes"],"jetpack_featured_media_url":"https:\/\/zonaroja.com.mx\/wp-content\/uploads\/2022\/01\/Eduardo-Martinez-Helmes-comunicado.jpg","jetpack_sharing_enabled":true,"_links":{"self":[{"href":"https:\/\/zonaroja.com.mx\/index.php?rest_route=\/wp\/v2\/posts\/36033","targetHints":{"allow":["GET"]}}],"collection":[{"href":"https:\/\/zonaroja.com.mx\/index.php?rest_route=\/wp\/v2\/posts"}],"about":[{"href":"https:\/\/zonaroja.com.mx\/index.php?rest_route=\/wp\/v2\/types\/post"}],"author":[{"embeddable":true,"href":"https:\/\/zonaroja.com.mx\/index.php?rest_route=\/wp\/v2\/users\/2"}],"replies":[{"embeddable":true,"href":"https:\/\/zonaroja.com.mx\/index.php?rest_route=%2Fwp%2Fv2%2Fcomments&post=36033"}],"version-history":[{"count":1,"href":"https:\/\/zonaroja.com.mx\/index.php?rest_route=\/wp\/v2\/posts\/36033\/revisions"}],"predecessor-version":[{"id":36035,"href":"https:\/\/zonaroja.com.mx\/index.php?rest_route=\/wp\/v2\/posts\/36033\/revisions\/36035"}],"wp:featuredmedia":[{"embeddable":true,"href":"https:\/\/zonaroja.com.mx\/index.php?rest_route=\/wp\/v2\/media\/36034"}],"wp:attachment":[{"href":"https:\/\/zonaroja.com.mx\/index.php?rest_route=%2Fwp%2Fv2%2Fmedia&parent=36033"}],"wp:term":[{"taxonomy":"category","embeddable":true,"href":"https:\/\/zonaroja.com.mx\/index.php?rest_route=%2Fwp%2Fv2%2Fcategories&post=36033"},{"taxonomy":"post_tag","embeddable":true,"href":"https:\/\/zonaroja.com.mx\/index.php?rest_route=%2Fwp%2Fv2%2Ftags&post=36033"}],"curies":[{"name":"wp","href":"https:\/\/api.w.org\/{rel}","templated":true}]}}