{"id":3604,"date":"2019-09-02T09:20:56","date_gmt":"2019-09-02T14:20:56","guid":{"rendered":"http:\/\/www.zonaroja.com.mx\/?p=3604"},"modified":"2019-09-02T09:20:59","modified_gmt":"2019-09-02T14:20:59","slug":"deja-congreso-sin-un-consejero-al-instituto-de-acceso-a-la-informacion-publica","status":"publish","type":"post","link":"https:\/\/zonaroja.com.mx\/?p=3604","title":{"rendered":"Deja Congreso sin un consejero al Instituto de Acceso a la Informaci\u00f3n P\u00fablica"},"content":{"rendered":"\n<p>Ismael\nGarc\u00eda M.\/Zona Roja.<\/p>\n\n\n\n<p>Oaxaca de\nJu\u00e1rez, Oax., 2 de septiembre de 2019.- La&nbsp;\n64 Legislatura del Congreso de Oaxaca dej\u00f3 incompleto al Instituto de\nAcceso a la Informaci\u00f3n P\u00fablica y Protecci\u00f3n de Datos Personales (IAIP) de la\nentidad, al fenecer el periodo de un consejero y no emitir el dictamen\nrespectivo para el reemplazo.<\/p>\n\n\n\n<p>El pasado viernes, los dos consejeros del \u00f3rgano, Francisco \u00c1lvarez Figueroa y Mar\u00eda Antonieta Vel\u00e1squez Chagoya presidieron una sesi\u00f3n solemne para despedir a Juan G\u00f3mez Bravo, quien cumpli\u00f3 su periodo de cuatro a\u00f1os en el IAIP.<\/p>\n\n\n\n<figure class=\"wp-block-image\"><img decoding=\"async\" width=\"1024\" height=\"683\" src=\"http:\/\/www.zonaroja.com.mx\/wp-content\/uploads\/2019\/09\/iaip3-1024x683.jpg\" alt=\"\" class=\"wp-image-3606\" srcset=\"https:\/\/zonaroja.com.mx\/wp-content\/uploads\/2019\/09\/iaip3-1024x683.jpg 1024w, https:\/\/zonaroja.com.mx\/wp-content\/uploads\/2019\/09\/iaip3-300x200.jpg 300w, https:\/\/zonaroja.com.mx\/wp-content\/uploads\/2019\/09\/iaip3-768x512.jpg 768w, https:\/\/zonaroja.com.mx\/wp-content\/uploads\/2019\/09\/iaip3-1170x780.jpg 1170w, https:\/\/zonaroja.com.mx\/wp-content\/uploads\/2019\/09\/iaip3.jpg 1200w, https:\/\/zonaroja.com.mx\/wp-content\/uploads\/2019\/09\/iaip3-585x390.jpg 585w, https:\/\/zonaroja.com.mx\/wp-content\/uploads\/2019\/09\/iaip3-263x175.jpg 263w\" sizes=\"(max-width: 1024px) 100vw, 1024px\" \/><\/figure>\n\n\n\n<p>Sin embargo,\nde acuerdo con los propios funcionarios del Instituto, hasta el momento la\nrespectiva comisi\u00f3n del Congreso local no ha emitido el dictamen para elegir al\nsustituto.<\/p>\n\n\n\n<p>Ser\u00eda la\nComisi\u00f3n Permanente de Transparencia, Acceso a la Informaci\u00f3n y Congreso\nAbierto del Poder Legislativo la responsable de esta omisi\u00f3n; no obstante, en\nel mismo seno de la C\u00e1mara de Diputados debaten si la facultad corresponde a la\nComisi\u00f3n Permanente Instructora.<\/p>\n\n\n\n<p>El 28 de\nagosto de 2015, el pleno de la 62 Legislatura del Congreso local eligi\u00f3 a Francisco\nJavier \u00c1lvarez Figueroa, con 34 votos, como Comisionado por un periodo de cinco\na\u00f1os; con 30 votos Juan G\u00f3mez P\u00e9rez,&nbsp;\npara cuatro a\u00f1os y Abraham Isaac Soriano Reyes, con 27 votos, para un\nperiodo de tres a\u00f1os, respectivamente.<\/p>\n\n\n\n<p>Este \u00faltimo\nya fue sustituido el a\u00f1o pasado por Mar\u00eda Antonieta Vel\u00e1squez Chagoya.<\/p>\n","protected":false},"excerpt":{"rendered":"<p>Ismael Garc\u00eda M.\/Zona Roja. Oaxaca de Ju\u00e1rez, Oax., 2 de septiembre de 2019.- La&nbsp; 64&hellip;<\/p>\n","protected":false},"author":2,"featured_media":3605,"comment_status":"closed","ping_status":"open","sticky":false,"template":"","format":"standard","meta":{"_lmt_disableupdate":"","_lmt_disable":"","_jetpack_memberships_contains_paid_content":false,"footnotes":""},"categories":[109,47],"tags":[654,655],"class_list":["post-3604","post","type-post","status-publish","format-standard","has-post-thumbnail","hentry","category-minuto-a-minuto","category-zona-gris","tag-iaip","tag-instituto-de-acceso-a-la-informacion-publica"],"jetpack_featured_media_url":"https:\/\/zonaroja.com.mx\/wp-content\/uploads\/2019\/09\/IAIP2.jpg","jetpack_sharing_enabled":true,"_links":{"self":[{"href":"https:\/\/zonaroja.com.mx\/index.php?rest_route=\/wp\/v2\/posts\/3604","targetHints":{"allow":["GET"]}}],"collection":[{"href":"https:\/\/zonaroja.com.mx\/index.php?rest_route=\/wp\/v2\/posts"}],"about":[{"href":"https:\/\/zonaroja.com.mx\/index.php?rest_route=\/wp\/v2\/types\/post"}],"author":[{"embeddable":true,"href":"https:\/\/zonaroja.com.mx\/index.php?rest_route=\/wp\/v2\/users\/2"}],"replies":[{"embeddable":true,"href":"https:\/\/zonaroja.com.mx\/index.php?rest_route=%2Fwp%2Fv2%2Fcomments&post=3604"}],"version-history":[{"count":1,"href":"https:\/\/zonaroja.com.mx\/index.php?rest_route=\/wp\/v2\/posts\/3604\/revisions"}],"predecessor-version":[{"id":3607,"href":"https:\/\/zonaroja.com.mx\/index.php?rest_route=\/wp\/v2\/posts\/3604\/revisions\/3607"}],"wp:featuredmedia":[{"embeddable":true,"href":"https:\/\/zonaroja.com.mx\/index.php?rest_route=\/wp\/v2\/media\/3605"}],"wp:attachment":[{"href":"https:\/\/zonaroja.com.mx\/index.php?rest_route=%2Fwp%2Fv2%2Fmedia&parent=3604"}],"wp:term":[{"taxonomy":"category","embeddable":true,"href":"https:\/\/zonaroja.com.mx\/index.php?rest_route=%2Fwp%2Fv2%2Fcategories&post=3604"},{"taxonomy":"post_tag","embeddable":true,"href":"https:\/\/zonaroja.com.mx\/index.php?rest_route=%2Fwp%2Fv2%2Ftags&post=3604"}],"curies":[{"name":"wp","href":"https:\/\/api.w.org\/{rel}","templated":true}]}}