{"id":36048,"date":"2022-01-02T21:24:32","date_gmt":"2022-01-03T03:24:32","guid":{"rendered":"http:\/\/www.zonaroja.com.mx\/?p=36048"},"modified":"2022-01-02T21:24:36","modified_gmt":"2022-01-03T03:24:36","slug":"reinician-clases-del-nivel-basico-manana-lunes-3-de-enero","status":"publish","type":"post","link":"https:\/\/zonaroja.com.mx\/?p=36048","title":{"rendered":"Reinician clases del nivel b\u00e1sico, ma\u00f1ana lunes 3 de enero"},"content":{"rendered":"\n<p>Redacci\u00f3n\/Zona Roja.<\/p>\n\n\n\n<p>Oaxaca de Ju\u00e1rez, Oax., 2 de enero de 2022.- De acuerdo con el calendario escolar 2021-2022 de la Secretar\u00eda de Educaci\u00f3n P\u00fablica (SEP), este lunes 3 de enero regresan a clases alumnas, alumnos y personal docente de Educaci\u00f3n B\u00e1sica, de los planteles educativos en las ocho regiones de la entidad, incorporados al Instituto Estatal de Educaci\u00f3n P\u00fablica de Oaxaca (IEEPO).<\/p>\n\n\n\n<p>Al concluir el periodo vacacional de invierno, m\u00e1s de 874 mil 200 estudiantes, as\u00ed como un aproximado de 82 mil trabajadores, entre directivos, docentes y personal de apoyo a la educaci\u00f3n que trabajan a distancia o en la modalidad semipresencial, al igual que el personal administrativo, retomar\u00e1n sus actividades.<\/p>\n\n\n\n<p>De esta manera, en educaci\u00f3n preescolar, primaria y secundaria, as\u00ed como en las escuelas normales se continuar\u00e1 con los programas y planes de estudio establecidos por la Secretar\u00eda de Educaci\u00f3n P\u00fablica.<\/p>\n\n\n\n<p>Sobre el regreso a clases semipresenciales en la entidad, al ser una prioridad la protecci\u00f3n de la salud y la vida, el IEEPO reitera que esta decisi\u00f3n es en consenso con el magisterio, madres, padres de familia, tutores y autoridades municipales, a trav\u00e9s de un proceso seguro, gradual, escalonado, mixto y sobre todo, acorde a las circunstancias propias de cada comunidad.<\/p>\n\n\n\n<p>Para las instituciones que contin\u00faan en la modalidad de educaci\u00f3n a distancia, las actividades se apoyan en estrategias que maestras y maestros han implementado con \u00e9xito como son los cuadernillos de trabajo, la asesor\u00eda en temas acad\u00e9micos y recorridos permanentes por las localidades.<\/p>\n\n\n\n<p>El IEEPO reconoce los esfuerzos de las y los docentes, padres de familia, alumnas y alumnos para lograr las metas educativas establecidas. Asimismo, les desea \u00e9xito en su retorno a clases y en las dem\u00e1s actividades acad\u00e9micas que realicen en los pr\u00f3ximos meses que restan del ciclo escolar actual.<\/p>\n\n\n\n<p>Por otra parte, ante las bajas temperaturas que llegan a presentarse en esta \u00e9poca invernal, el Instituto Estatal de Educaci\u00f3n P\u00fablica de Oaxaca recomienda a las madres y padres de familia tomar las medidas correspondientes para el cuidado de la salud de las y los escolares y revisen los protocolos de emergencia en las escuelas de educaci\u00f3n b\u00e1sica de esas zonas de la entidad que se encuentren en actividades semipresenciales.<\/p>\n","protected":false},"excerpt":{"rendered":"<p>Redacci\u00f3n\/Zona Roja. Oaxaca de Ju\u00e1rez, Oax., 2 de enero de 2022.- De acuerdo con el&hellip;<\/p>\n","protected":false},"author":2,"featured_media":27592,"comment_status":"closed","ping_status":"open","sticky":false,"template":"","format":"standard","meta":{"_lmt_disableupdate":"","_lmt_disable":"","_jetpack_memberships_contains_paid_content":false,"footnotes":""},"categories":[109,46],"tags":[2837],"class_list":["post-36048","post","type-post","status-publish","format-standard","has-post-thumbnail","hentry","category-minuto-a-minuto","category-zona-blanca","tag-instituto-estatal-de-educacion-publica-de-oaxaca-ieepo"],"jetpack_featured_media_url":"https:\/\/zonaroja.com.mx\/wp-content\/uploads\/2021\/05\/Clases-Campeche.jpg","jetpack_sharing_enabled":true,"_links":{"self":[{"href":"https:\/\/zonaroja.com.mx\/index.php?rest_route=\/wp\/v2\/posts\/36048","targetHints":{"allow":["GET"]}}],"collection":[{"href":"https:\/\/zonaroja.com.mx\/index.php?rest_route=\/wp\/v2\/posts"}],"about":[{"href":"https:\/\/zonaroja.com.mx\/index.php?rest_route=\/wp\/v2\/types\/post"}],"author":[{"embeddable":true,"href":"https:\/\/zonaroja.com.mx\/index.php?rest_route=\/wp\/v2\/users\/2"}],"replies":[{"embeddable":true,"href":"https:\/\/zonaroja.com.mx\/index.php?rest_route=%2Fwp%2Fv2%2Fcomments&post=36048"}],"version-history":[{"count":1,"href":"https:\/\/zonaroja.com.mx\/index.php?rest_route=\/wp\/v2\/posts\/36048\/revisions"}],"predecessor-version":[{"id":36049,"href":"https:\/\/zonaroja.com.mx\/index.php?rest_route=\/wp\/v2\/posts\/36048\/revisions\/36049"}],"wp:featuredmedia":[{"embeddable":true,"href":"https:\/\/zonaroja.com.mx\/index.php?rest_route=\/wp\/v2\/media\/27592"}],"wp:attachment":[{"href":"https:\/\/zonaroja.com.mx\/index.php?rest_route=%2Fwp%2Fv2%2Fmedia&parent=36048"}],"wp:term":[{"taxonomy":"category","embeddable":true,"href":"https:\/\/zonaroja.com.mx\/index.php?rest_route=%2Fwp%2Fv2%2Fcategories&post=36048"},{"taxonomy":"post_tag","embeddable":true,"href":"https:\/\/zonaroja.com.mx\/index.php?rest_route=%2Fwp%2Fv2%2Ftags&post=36048"}],"curies":[{"name":"wp","href":"https:\/\/api.w.org\/{rel}","templated":true}]}}