{"id":36052,"date":"2022-01-03T07:30:55","date_gmt":"2022-01-03T13:30:55","guid":{"rendered":"http:\/\/www.zonaroja.com.mx\/?p=36052"},"modified":"2022-01-03T07:30:59","modified_gmt":"2022-01-03T13:30:59","slug":"reducen-a-5-dias-tiempo-de-cuarentena-para-quienes-den-positivo-a-covid","status":"publish","type":"post","link":"https:\/\/zonaroja.com.mx\/?p=36052","title":{"rendered":"Reducen a 5 d\u00edas tiempo de cuarentena para quienes den positivo a Covid"},"content":{"rendered":"\n<p>Redacci\u00f3n\/Zona Roja.<\/p>\n\n\n\n<p>Oaxaca de Ju\u00e1rez, Oax., 3 enero del 2022.- Con la finalidad de continuar mitigando la propagaci\u00f3n del virus SARS-CoV-2 y luego de la confirmaci\u00f3n del primer caso de la variante \u201c\u00d3micron\u201d en la entidad, los Servicios de Salud de Oaxaca (SSO), informan sobre los nuevos periodos recomendados de aislamiento para las personas que presenten s\u00edntomas respiratorios o que han dado positivo en la prueba de Covid-19.<\/p>\n\n\n\n<p>Ello, basado en las recomendaciones de los Centros para el Control y la Prevenci\u00f3n de Enfermedades (CDC por sus siglas en ingl\u00e9s), en donde la actualizaci\u00f3n indica que el tiempo de cuarentena deber\u00e1 ser de cinco d\u00edas en quienes tengan el resultado confirmatorio a esta patolog\u00eda.<\/p>\n\n\n\n<p>Los SSO, por su parte recomiendan que tambi\u00e9n las personas con s\u00edntomas de este padecimiento deben aislarse durante el mismo tiempo, para cortar la cadena de transmisi\u00f3n y mitigar los contagios, de igual forma, utilizar en todo tiempo el cubrebocas, ya que esta acci\u00f3n protege del contagio a personas sanas cuando est\u00e1n en contacto con alguien que se encuentra enferma o enfermo, y ayuda a minimizar el riesgo de infectar a quienes se encuentren cerca.<\/p>\n\n\n\n<p>El cambio est\u00e1 motivado por la ciencia que demuestra que la mayor parte de la transmisi\u00f3n del coronavirus ocurre entre el primer y segundo d\u00eda antes de la aparici\u00f3n de los s\u00edntomas y en un lapso de dos a tres d\u00edas despu\u00e9s de la presencia de los mismos.<\/p>\n\n\n\n<p>En el caso de la variante \u201c\u00d3micron\u201d (B.1.1.529) los s\u00edntomas frecuentes son: escurrimiento nasal, estornudos, fatiga, dolor de: cabeza, espalda baja y garganta, as\u00ed como sudoraci\u00f3n nocturna y p\u00e9rdida del apetito.<\/p>\n\n\n\n<p>En ni\u00f1as y ni\u00f1os se deben considerar, adem\u00e1s: temperatura alta, tos nueva y continua, p\u00e9rdida\/cambio en el olfato o el gusto, fatiga, dolor de cabeza, merma del apetito y sarpullido en la piel.<\/p>\n\n\n\n<p>En este sentido la instituci\u00f3n refiere que esta variante considerada de \u201cPreocupaci\u00f3n\u201d por la Organizaci\u00f3n Mundial de la Salud (OMS) se est\u00e1 extendiendo r\u00e1pidamente en todo el mundo y tiene el potencial de afectar a cualquier grupo etario de la poblaci\u00f3n, por ello, las recomendaciones actualizadas est\u00e1n basados en evidencia cient\u00edfica y garantizan que las personas puedan continuar con su vida cotidiana de forma segura.<\/p>\n\n\n\n<p>La instancia rectora en materia de salud de la entidad hizo \u00e9nfasis en mencionar que la prevenci\u00f3n es la mejor arma contra esta pandemia: vacunarse, recibir un refuerzo de la dosis, usar cubrebocas correctamente en entornos p\u00fablicos, cerrados, en \u00e1reas de transmisi\u00f3n comunitaria sustancial y alta, as\u00ed como realizar una prueba antes de reunirse con personas que no viven en un mismo hogar, son claves para desacelerar la transmisi\u00f3n.<\/p>\n\n\n\n<p>(Comunicado)<\/p>\n","protected":false},"excerpt":{"rendered":"<p>Redacci\u00f3n\/Zona Roja. Oaxaca de Ju\u00e1rez, Oax., 3 enero del 2022.- Con la finalidad de continuar&hellip;<\/p>\n","protected":false},"author":2,"featured_media":36045,"comment_status":"closed","ping_status":"open","sticky":false,"template":"","format":"standard","meta":{"_lmt_disableupdate":"","_lmt_disable":"","_jetpack_memberships_contains_paid_content":false,"footnotes":""},"categories":[109,47],"tags":[1512],"class_list":["post-36052","post","type-post","status-publish","format-standard","has-post-thumbnail","hentry","category-minuto-a-minuto","category-zona-gris","tag-coronavirus-oaxaca"],"jetpack_featured_media_url":"https:\/\/zonaroja.com.mx\/wp-content\/uploads\/2022\/01\/Omicron-variante-Covid.jpg","jetpack_sharing_enabled":true,"_links":{"self":[{"href":"https:\/\/zonaroja.com.mx\/index.php?rest_route=\/wp\/v2\/posts\/36052","targetHints":{"allow":["GET"]}}],"collection":[{"href":"https:\/\/zonaroja.com.mx\/index.php?rest_route=\/wp\/v2\/posts"}],"about":[{"href":"https:\/\/zonaroja.com.mx\/index.php?rest_route=\/wp\/v2\/types\/post"}],"author":[{"embeddable":true,"href":"https:\/\/zonaroja.com.mx\/index.php?rest_route=\/wp\/v2\/users\/2"}],"replies":[{"embeddable":true,"href":"https:\/\/zonaroja.com.mx\/index.php?rest_route=%2Fwp%2Fv2%2Fcomments&post=36052"}],"version-history":[{"count":1,"href":"https:\/\/zonaroja.com.mx\/index.php?rest_route=\/wp\/v2\/posts\/36052\/revisions"}],"predecessor-version":[{"id":36053,"href":"https:\/\/zonaroja.com.mx\/index.php?rest_route=\/wp\/v2\/posts\/36052\/revisions\/36053"}],"wp:featuredmedia":[{"embeddable":true,"href":"https:\/\/zonaroja.com.mx\/index.php?rest_route=\/wp\/v2\/media\/36045"}],"wp:attachment":[{"href":"https:\/\/zonaroja.com.mx\/index.php?rest_route=%2Fwp%2Fv2%2Fmedia&parent=36052"}],"wp:term":[{"taxonomy":"category","embeddable":true,"href":"https:\/\/zonaroja.com.mx\/index.php?rest_route=%2Fwp%2Fv2%2Fcategories&post=36052"},{"taxonomy":"post_tag","embeddable":true,"href":"https:\/\/zonaroja.com.mx\/index.php?rest_route=%2Fwp%2Fv2%2Ftags&post=36052"}],"curies":[{"name":"wp","href":"https:\/\/api.w.org\/{rel}","templated":true}]}}