{"id":36054,"date":"2022-01-03T08:03:53","date_gmt":"2022-01-03T14:03:53","guid":{"rendered":"http:\/\/www.zonaroja.com.mx\/?p=36054"},"modified":"2022-01-03T08:03:56","modified_gmt":"2022-01-03T14:03:56","slug":"cuarta-deformacion-de-los-municipios-de-oaxaca","status":"publish","type":"post","link":"https:\/\/zonaroja.com.mx\/?p=36054","title":{"rendered":"\u00bfCuarta deformaci\u00f3n de los municipios de Oaxaca?"},"content":{"rendered":"\n<p>Ismael Garc\u00eda M.\/Zona Roja.<\/p>\n\n\n\n<p>Oaxaca de Ju\u00e1rez, Oax., 3 de enero de 2022.- Si hay algo que destacar, y de manera importante, en la transmisi\u00f3n de poderes municipales el 1 de enero en Oaxaca, es la nula presencia de actos violentos, reclamos o \u201ctoma\u201d de palacios.<\/p>\n\n\n\n<p>Incluso, as\u00ed sucedi\u00f3 en los siete ayuntamientos que tienen comisionados, a falta de autoridad formal por anulaci\u00f3n de comicios; de hecho s\u00f3lo en dos hubo inconformidades que se subsanaron al d\u00eda siguiente.<\/p>\n\n\n\n<p>O fue la Mesa de Seguridad y Vigilancia instalada por los gobiernos estatal y municipal, que incluy\u00f3 el incremento de los patrullajes por parte de la fuerza p\u00fablica, o fue la determinaci\u00f3n de los pobladores de los aproximadamente 218 municipios por privilegiar el acuerdo la tranquilidad.<\/p>\n\n\n\n<p>El caso es que, para bien de todos, paulatinamente han quedado atr\u00e1s los asesinatos, las \u201ctomas\u201d de palacios, los bloqueos carreteros, las agresiones armadas, los golpes, que anta\u00f1o se generaban en cada cambio de poderes municipales.<\/p>\n\n\n\n<p>EL RETO<\/p>\n\n\n\n<p>Sin embargo, tras la asunci\u00f3n de nuevos ediles, la urgencia es atender ya los graves rezagos sociales heredados en los principales ayuntamientos del estado, sobre todo en los m\u00e1s grandes por el n\u00famero de poblaci\u00f3n. Y sobre todo los surgidos del Partido Morena, donde se prevaleci\u00f3 de todos, menos el \u201cNo robar, no mentir y no traicionar al pueblo\u201d.<\/p>\n\n\n\n<p>Urgencia que, en el caso de Oaxaca de Ju\u00e1rez, no parece haber, pues nadie sabe qu\u00e9 hizo Francisco Mart\u00ednez Neri el d\u00eda 1, despu\u00e9s de rendir protesta, y el 2 de enero.<\/p>\n\n\n\n<p>Por lo pronto, las calles y parques p\u00fablicos segu\u00edan llenos de basura y en las mismas fechas hubo ya protesta de comerciantes ambulantes, a quienes \u00fanicamente atendieron polic\u00edas y dos inspectores municipales.<\/p>\n\n\n\n<p>Pero por si fuera poco, Neri, surgido Morena, enfrenta una pesada losa de su compa\u00f1ero de partido, Oswaldo Garc\u00eda Jarqu\u00edn, que despu\u00e9s de varias semanas reapareci\u00f3 la noche del 31 de diciembre en las instalaciones de la polic\u00eda municipal, m\u00e1s no en la entrega de poderes al d\u00eda siguiente, so pena de enfrentar abucheos y reclamos.<\/p>\n\n\n\n<p>Un tibio \u201cvamos a investigar\u201d de Mart\u00ednez Neri no parece ser suficiente para aquietar la irritaci\u00f3n social capitalina, frente al desastroso papel de Garc\u00eda Jarqu\u00edn, que parad\u00f3jicamente seguir\u00e1 con su coto de poder en el actual ayuntamiento.<\/p>\n\n\n\n<p>Semanas atr\u00e1s, ya comentamos que el pesado lastre del hoy edil ser\u00e1 tambi\u00e9n la herencia de concejales, que en absoluto respondieron a las expectativas de los capitalinos; jam\u00e1s se pronunciaron ante el grave desastre financiero y social del primer concejal y dejaron hacer y dejaron pasar.<\/p>\n\n\n\n<p>Uno de ellos es quien se desempe\u00f1ara como s\u00edndico, Jorge Castro Campos, se\u00f1alado de ser el cabecilla de las m\u00faltiples operaciones financieras con el erario, con la complicidad de Garc\u00eda Jarqu\u00edn. Y que seguir\u00e1 impune.<\/p>\n\n\n\n<p>Otros son los regidores P\u00e1vel Renato L\u00f3pez G\u00f3mez, el ex priista y ahora neomorenista Ismael Cruz Gayt\u00e1n y la panista Mirna L\u00f3pez Torres. \u00bfAlguien los escuch\u00f3 pronunciarse en contra del anterior presidente municipal y plantear soluciones para paliar las m\u00faltiples crisis. Todos con silencio c\u00f3mplice.<\/p>\n\n\n\n<p>Y tampoco se entiende &#8211;a menos que sea parte del pacto de impunidad&#8211;, el que Mart\u00ednez Neri incluya adem\u00e1s a Alberto Alonso Criollo, familiar de Oswaldo, en la n\u00f3mina municipal, bajo la figura de Coordinaci\u00f3n de Ciudad Educadora, cargo reci\u00e9n inventado. Repite tambi\u00e9n otro oswaldista, Daniel Constantino Le\u00f3n, por lo que se augura una administraci\u00f3n municipal similar a la anterior.<\/p>\n\n\n\n<p>\u00bfY LOS DEM\u00c1S?<\/p>\n\n\n\n<p>La Cuarta Transformaci\u00f3n tampoco lleg\u00f3 a otros municipios importantes del estado de Oaxaca, la mayor\u00eda de ellos por segunda ocasi\u00f3n bajo el r\u00e9gimen morenista pero con retrocesos, en lugar de cambios.&nbsp;<\/p>\n\n\n\n<p>En San Juan Bautista Tuxtepec, el segundo municipio m\u00e1s grande del estado, llega Irineo Molina Espinosa, de Morena, que se espera realmente impulsa las transformaciones que nunca hizo No\u00e9 Ram\u00edrez Ch\u00e1vez ni su antecesor, el finado Fernando Bautista D\u00e1vila.<\/p>\n\n\n\n<p>\u00bfHuajuapan de Le\u00f3n? Desastre y saqueo con Juanita Cruz Cruz, que cerr\u00f3 el a\u00f1o echando a la polic\u00eda a trabajadores sindicalizados y adem\u00e1s con un supuesto desv\u00edo de dinero, \u201cerror bancario\u201d, de varios millones de pesos.<\/p>\n\n\n\n<p>\u00bfQu\u00e9 decir de Salina Cruz? Juan Carlos Atekas Altamirano pr\u00e1cticamente saque\u00f3, hasta el \u00faltimo d\u00eda, las arcas y los bienes municipales; morenista que quiso repetir en el cargo bajo el PVEM. Le sucede Daniel M\u00e9ndez Sosa, morenista tambi\u00e9n, que se espera cambie el estado de las cosas.<\/p>\n\n\n\n<p>San Jacinto Amilpas, con Yolanda Santos Monta\u00f1o, morenista, que busc\u00f3 por todos los medios impedir el arribo de su sucesora, Gabriela D\u00edaz P\u00e9rez, que ahora la acus\u00f3 tambi\u00e9n de saquear el ayuntamiento y no dejar ni siquiera las llaves de las oficinas.<\/p>\n\n\n\n<p>En Santa Luc\u00eda del Camino dej\u00f3 el cargo el petista Dante Monta\u00f1o, que hab\u00eda sido postulado junto con Morena; quiso repetir en el cargo y no lo logr\u00f3. Fue la caja chica de Benjam\u00edn Robles Montoya y no hay obra p\u00fablica por lo cual se le recuerde, por el contrario, el nuevo edil, morenista, Juan Carlos Garc\u00eda M\u00e1rquez, lament\u00f3 que no haya habido entrega-recepci\u00f3n.<\/p>\n\n\n\n<p>Ah\u00ed est\u00e1 la desastrosa administraci\u00f3n de Saymi Pineda, que repite por tres a\u00f1os en San Pedro Pochutla, pero cuya caracter\u00edstica han sido los viajes de lujo a lo largo y ancho del pa\u00eds\u2026. Y una cauda de violencia y cr\u00edmenes.<\/p>\n\n\n\n<p>Los ejemplos son muchos, pero \u00bfqu\u00e9 de diferente hubo en los gobiernos morenistas anteriores? S\u00f3lo retrocesos. Ninguna Cuarta Transformaci\u00f3n m\u00e1s que para los bolsillos de los ahora ex ediles y funcionarios.<\/p>\n\n\n\n<p>\u00bfHabr\u00e1 en este trienio cambios? Dif\u00edcil, pues es un a\u00f1o electoral, en que se reemplaza al titular del Poder Ejecutivo y en que, como lo hac\u00eda el PRI, las arcas municipales estar\u00e1n al servicio del candidato a gobernador.<\/p>\n","protected":false},"excerpt":{"rendered":"<p>Ismael Garc\u00eda M.\/Zona Roja. Oaxaca de Ju\u00e1rez, Oax., 3 de enero de 2022.- Si hay&hellip;<\/p>\n","protected":false},"author":2,"featured_media":7610,"comment_status":"closed","ping_status":"open","sticky":false,"template":"","format":"standard","meta":{"_lmt_disableupdate":"","_lmt_disable":"","_jetpack_memberships_contains_paid_content":false,"footnotes":""},"categories":[456,109,48],"tags":[1353],"class_list":["post-36054","post","type-post","status-publish","format-standard","has-post-thumbnail","hentry","category-columna","category-minuto-a-minuto","category-zona-critica","tag-opinion-zona-critica"],"jetpack_featured_media_url":"https:\/\/zonaroja.com.mx\/wp-content\/uploads\/2020\/01\/Opini\u00f3n-Zona-Cr\u00edtica.jpg","jetpack_sharing_enabled":true,"_links":{"self":[{"href":"https:\/\/zonaroja.com.mx\/index.php?rest_route=\/wp\/v2\/posts\/36054","targetHints":{"allow":["GET"]}}],"collection":[{"href":"https:\/\/zonaroja.com.mx\/index.php?rest_route=\/wp\/v2\/posts"}],"about":[{"href":"https:\/\/zonaroja.com.mx\/index.php?rest_route=\/wp\/v2\/types\/post"}],"author":[{"embeddable":true,"href":"https:\/\/zonaroja.com.mx\/index.php?rest_route=\/wp\/v2\/users\/2"}],"replies":[{"embeddable":true,"href":"https:\/\/zonaroja.com.mx\/index.php?rest_route=%2Fwp%2Fv2%2Fcomments&post=36054"}],"version-history":[{"count":1,"href":"https:\/\/zonaroja.com.mx\/index.php?rest_route=\/wp\/v2\/posts\/36054\/revisions"}],"predecessor-version":[{"id":36055,"href":"https:\/\/zonaroja.com.mx\/index.php?rest_route=\/wp\/v2\/posts\/36054\/revisions\/36055"}],"wp:featuredmedia":[{"embeddable":true,"href":"https:\/\/zonaroja.com.mx\/index.php?rest_route=\/wp\/v2\/media\/7610"}],"wp:attachment":[{"href":"https:\/\/zonaroja.com.mx\/index.php?rest_route=%2Fwp%2Fv2%2Fmedia&parent=36054"}],"wp:term":[{"taxonomy":"category","embeddable":true,"href":"https:\/\/zonaroja.com.mx\/index.php?rest_route=%2Fwp%2Fv2%2Fcategories&post=36054"},{"taxonomy":"post_tag","embeddable":true,"href":"https:\/\/zonaroja.com.mx\/index.php?rest_route=%2Fwp%2Fv2%2Ftags&post=36054"}],"curies":[{"name":"wp","href":"https:\/\/api.w.org\/{rel}","templated":true}]}}