{"id":36056,"date":"2022-01-03T08:15:45","date_gmt":"2022-01-03T14:15:45","guid":{"rendered":"http:\/\/www.zonaroja.com.mx\/?p=36056"},"modified":"2022-01-03T08:15:48","modified_gmt":"2022-01-03T14:15:48","slug":"advierte-el-issste-cuarta-ola-de-covid-19-en-mexico","status":"publish","type":"post","link":"https:\/\/zonaroja.com.mx\/?p=36056","title":{"rendered":"Advierte el ISSSTE cuarta ola de Covid-19 en M\u00e9xico"},"content":{"rendered":"\n<p>Redacci\u00f3n\/Zona Roja Cdmx.<\/p>\n\n\n\n<p>Ciudad de M\u00e9xico, 3 de enero de 2022.- M\u00e9xico ya est\u00e1 en una cuarta ola de la pandemia por Covid-19 derivada del incremento constante de casos en los \u00faltimos d\u00edas, advirti\u00f3 el Instituto de Seguridad y Servicios Sociales de los Trabajadores del Estado (ISSSTE) el cual, solicit\u00f3 a los directores de hospitales regionales, generales, cl\u00ednicas hospital y cl\u00ednicas de medicina familiar, as\u00ed como a la directora del Centro M\u00e9dico Nacional \u201c20 de Noviembre\u201d preparar sus unidades m\u00e9dicas para una posible conversi\u00f3n e incremento en el n\u00famero de camas disponibles para la atenci\u00f3n de pacientes.<\/p>\n\n\n\n<p>\u201cPor lo anterior se les solicita de la manera m\u00e1s atenta preparar sus unidades m\u00e9dicas para una posible conversi\u00f3n e incremento en el n\u00famero de camas disponibles para la atenci\u00f3n de estos pacientes conforme avance la cuarta ola en sus entidades federativas\u201d, se\u00f1ala el documento firmado por Ramiro L\u00f3pez, director normativo de Salud del ISSSTE.<\/p>\n\n\n\n<p>En la circular se explica que \u201c\u00d3micron\u201d tiene una velocidad de transmisi\u00f3n mayor que las variantes anteriores y que provocar\u00e1 un mayor n\u00famero de casos leves. No obstante, alert\u00f3 por un incremento exponencial de hospitalizaciones.<\/p>\n\n\n\n<p>\u201cPor otro lado, si bien, la variante \u2018\u00d3micron\u2019 genera casos graves, en menor n\u00famero que la variante Delta, en nuestro pa\u00eds siguen circulando ambas variantes, el n\u00famero de casos esperado es muy alto y debido a este incremento de casos y al volumen de poblaci\u00f3n en nuestro pa\u00eds, se espera que el n\u00famero de hospitalizaciones se vea incrementado de manera exponencial\u201d, alert\u00f3 la instituci\u00f3n en una circular firmada por Ramiro L\u00f3pez Elizalde, director normativo de Salud.<\/p>\n\n\n\n<p>Hasta ayer, la Secretar\u00eda de Salud federal report\u00f3 3 millones 990 mil 587 casos confirmados de covid-19 y 299 mil 544 decesos.<\/p>\n\n\n\n<p>El documento indica que, en caso de que por la demanda de servicios en las unidades m\u00e9dicas se requiriese de m\u00e1s personal m\u00e9dico, enfermer\u00eda y param\u00e9dico adicional a sus plantillas, se deber\u00e1 solicitar a la Direcci\u00f3n Normativa de Salud para poder gestionar el recurso humano ante la Direcci\u00f3n Normativa de Administraci\u00f3n y Finanzas.<\/p>\n\n\n\n<p>\u201cNo omito mencionar que, por ning\u00fan motivo se deber\u00e1 poner en riesgo la salud y seguridad de nuestros pacientes, por lo que se les instruye a que en caso de que no se cuente con alg\u00fan insumo o medicamento en sus unidades m\u00e9dicas y por necesidad urgente, deber\u00e1n realizar las acciones necesarias para procurar dichos insumos de manera local, siempre anteponiendo la salud de los pacientes\u201d, precis\u00f3 el ISSSTE.<\/p>\n\n\n\n<p>El documento agrega que se esperan un gran n\u00famero de licencias m\u00e9dicas con motivo del contagio masivo por lo que se deber\u00e1 reforzar el procedimiento correcto para otorgarlas y evitar la emisi\u00f3n de las mismas de manera innecesaria.<\/p>\n\n\n\n<p>(Informaci\u00f3n del peri\u00f3dico \u201cExc\u00e9lsior\u201d)<\/p>\n","protected":false},"excerpt":{"rendered":"<p>Redacci\u00f3n\/Zona Roja Cdmx. Ciudad de M\u00e9xico, 3 de enero de 2022.- M\u00e9xico ya est\u00e1 en&hellip;<\/p>\n","protected":false},"author":2,"featured_media":21598,"comment_status":"closed","ping_status":"open","sticky":false,"template":"","format":"standard","meta":{"_lmt_disableupdate":"","_lmt_disable":"","_jetpack_memberships_contains_paid_content":false,"footnotes":""},"categories":[109,47],"tags":[1328],"class_list":["post-36056","post","type-post","status-publish","format-standard","has-post-thumbnail","hentry","category-minuto-a-minuto","category-zona-gris","tag-coronavirus-mexico"],"jetpack_featured_media_url":"https:\/\/zonaroja.com.mx\/wp-content\/uploads\/2020\/12\/Paciente-Covid.jpg","jetpack_sharing_enabled":true,"_links":{"self":[{"href":"https:\/\/zonaroja.com.mx\/index.php?rest_route=\/wp\/v2\/posts\/36056","targetHints":{"allow":["GET"]}}],"collection":[{"href":"https:\/\/zonaroja.com.mx\/index.php?rest_route=\/wp\/v2\/posts"}],"about":[{"href":"https:\/\/zonaroja.com.mx\/index.php?rest_route=\/wp\/v2\/types\/post"}],"author":[{"embeddable":true,"href":"https:\/\/zonaroja.com.mx\/index.php?rest_route=\/wp\/v2\/users\/2"}],"replies":[{"embeddable":true,"href":"https:\/\/zonaroja.com.mx\/index.php?rest_route=%2Fwp%2Fv2%2Fcomments&post=36056"}],"version-history":[{"count":1,"href":"https:\/\/zonaroja.com.mx\/index.php?rest_route=\/wp\/v2\/posts\/36056\/revisions"}],"predecessor-version":[{"id":36057,"href":"https:\/\/zonaroja.com.mx\/index.php?rest_route=\/wp\/v2\/posts\/36056\/revisions\/36057"}],"wp:featuredmedia":[{"embeddable":true,"href":"https:\/\/zonaroja.com.mx\/index.php?rest_route=\/wp\/v2\/media\/21598"}],"wp:attachment":[{"href":"https:\/\/zonaroja.com.mx\/index.php?rest_route=%2Fwp%2Fv2%2Fmedia&parent=36056"}],"wp:term":[{"taxonomy":"category","embeddable":true,"href":"https:\/\/zonaroja.com.mx\/index.php?rest_route=%2Fwp%2Fv2%2Fcategories&post=36056"},{"taxonomy":"post_tag","embeddable":true,"href":"https:\/\/zonaroja.com.mx\/index.php?rest_route=%2Fwp%2Fv2%2Ftags&post=36056"}],"curies":[{"name":"wp","href":"https:\/\/api.w.org\/{rel}","templated":true}]}}