{"id":36058,"date":"2022-01-03T08:35:01","date_gmt":"2022-01-03T14:35:01","guid":{"rendered":"http:\/\/www.zonaroja.com.mx\/?p=36058"},"modified":"2022-01-03T08:35:04","modified_gmt":"2022-01-03T14:35:04","slug":"el-gobierno-federal-va-por-la-fusion-del-inpi-con-el-inali","status":"publish","type":"post","link":"https:\/\/zonaroja.com.mx\/?p=36058","title":{"rendered":"El gobierno federal va por la fusi\u00f3n del INPI con el Inali"},"content":{"rendered":"\n<p>Redacci\u00f3n\/Zona Roja Cdmx.<\/p>\n\n\n\n<p>Ciudad de M\u00e9xico, 3 de enero de 2022.- La Secretar\u00eda de Cultura federal (SC) confirm\u00f3 que como parte del ajuste administrativo del gobierno de M\u00e9xico y con el fin de atender de manera integral las demandas de los pueblos ind\u00edgenas, existe la iniciativa para fusionar el Instituto Nacional de Lenguas Ind\u00edgenas (Inali) con el Instituto Nacional de los Pueblos Ind\u00edgenas (INPI), cuya infraestructura comunitaria permitir\u00eda un mayor alcance e impacto de las acciones de estudio, institucionalizaci\u00f3n y salvaguarda de las lenguas ind\u00edgenas nacionales.<\/p>\n\n\n\n<p>En un comunicado, la SC asegur\u00f3 que el Inali cuenta con un presupuesto garantizado de poco m\u00e1s de 71 millones de pesos que permitir\u00e1 seguir con la construcci\u00f3n de una pol\u00edtica ling\u00fc\u00edstica multiling\u00fce de Estado que garantice que los pueblos ind\u00edgenas decidan el futuro de sus lenguas.<\/p>\n\n\n\n<p>En su bolet\u00edn, la dependencia a cargo de Alejandra Frausto no explica las caracter\u00edsticas de la fusi\u00f3n entre ambas instancias, que algunos especialistas han dicho se trata, en los hechos, de la desaparici\u00f3n del Inali. La iniciativa se analiza para su aprobaci\u00f3n en la C\u00e1mara de Diputados.<\/p>\n\n\n\n<p>La SC argument\u00f3 ayer que en el contexto del inicio del Decenio Internacional de las Lenguas Ind\u00edgenas (DILI) 2022-2032, esa secretar\u00eda, a trav\u00e9s del Inali, \u201cimpulsar\u00e1 la centralidad de los pueblos ind\u00edgenas como sujetos de derecho p\u00fablico con la consigna de \u2018nada para nosotros sin nosotros\u2019.<\/p>\n\n\n\n<p>La idea es impulsar acciones transversales de manera sectorial e intersectorial a favor del uso de las lenguas ind\u00edgenas en el \u00e1mbito de la administraci\u00f3n p\u00fablica, con acciones colaterales que implican la participaci\u00f3n de distintos programas como el Nacional de Derechos Humanos, el Nacional para la Igualdad entre Hombres y Mujeres 2020-2024, el Especial de los Pueblos Ind\u00edgenas y Afromexicano 2021-2024 y el Sectorial de Cultura.<\/p>\n\n\n\n<p>(Informaci\u00f3n del diario \u201cLa Jornada\u201d)<\/p>\n","protected":false},"excerpt":{"rendered":"<p>Redacci\u00f3n\/Zona Roja Cdmx. Ciudad de M\u00e9xico, 3 de enero de 2022.- La Secretar\u00eda de Cultura&hellip;<\/p>\n","protected":false},"author":2,"featured_media":36059,"comment_status":"closed","ping_status":"open","sticky":false,"template":"","format":"standard","meta":{"_lmt_disableupdate":"","_lmt_disable":"","_jetpack_memberships_contains_paid_content":false,"footnotes":""},"categories":[109,47],"tags":[],"class_list":["post-36058","post","type-post","status-publish","format-standard","has-post-thumbnail","hentry","category-minuto-a-minuto","category-zona-gris"],"jetpack_featured_media_url":"https:\/\/zonaroja.com.mx\/wp-content\/uploads\/2022\/01\/Fusion-Inali-INPO.jpg","jetpack_sharing_enabled":true,"_links":{"self":[{"href":"https:\/\/zonaroja.com.mx\/index.php?rest_route=\/wp\/v2\/posts\/36058","targetHints":{"allow":["GET"]}}],"collection":[{"href":"https:\/\/zonaroja.com.mx\/index.php?rest_route=\/wp\/v2\/posts"}],"about":[{"href":"https:\/\/zonaroja.com.mx\/index.php?rest_route=\/wp\/v2\/types\/post"}],"author":[{"embeddable":true,"href":"https:\/\/zonaroja.com.mx\/index.php?rest_route=\/wp\/v2\/users\/2"}],"replies":[{"embeddable":true,"href":"https:\/\/zonaroja.com.mx\/index.php?rest_route=%2Fwp%2Fv2%2Fcomments&post=36058"}],"version-history":[{"count":1,"href":"https:\/\/zonaroja.com.mx\/index.php?rest_route=\/wp\/v2\/posts\/36058\/revisions"}],"predecessor-version":[{"id":36060,"href":"https:\/\/zonaroja.com.mx\/index.php?rest_route=\/wp\/v2\/posts\/36058\/revisions\/36060"}],"wp:featuredmedia":[{"embeddable":true,"href":"https:\/\/zonaroja.com.mx\/index.php?rest_route=\/wp\/v2\/media\/36059"}],"wp:attachment":[{"href":"https:\/\/zonaroja.com.mx\/index.php?rest_route=%2Fwp%2Fv2%2Fmedia&parent=36058"}],"wp:term":[{"taxonomy":"category","embeddable":true,"href":"https:\/\/zonaroja.com.mx\/index.php?rest_route=%2Fwp%2Fv2%2Fcategories&post=36058"},{"taxonomy":"post_tag","embeddable":true,"href":"https:\/\/zonaroja.com.mx\/index.php?rest_route=%2Fwp%2Fv2%2Ftags&post=36058"}],"curies":[{"name":"wp","href":"https:\/\/api.w.org\/{rel}","templated":true}]}}