{"id":36070,"date":"2022-01-03T16:50:57","date_gmt":"2022-01-03T22:50:57","guid":{"rendered":"http:\/\/www.zonaroja.com.mx\/?p=36070"},"modified":"2022-01-03T16:51:00","modified_gmt":"2022-01-03T22:51:00","slug":"familiares-y-universitarios-de-la-uabjo-exigen-libertad-para-ex-rector","status":"publish","type":"post","link":"https:\/\/zonaroja.com.mx\/?p=36070","title":{"rendered":"Familiares y universitarios de la UABJO exigen libertad para ex rector"},"content":{"rendered":"\n<p>Yuridiana Sosa\/Zona Roja.<\/p>\n\n\n\n<p>Oaxaca de Ju\u00e1rez, Oax., 3 de enero de 2021.- Familiares del ex rector de la Universidad Aut\u00f3noma \u201cBenito Ju\u00e1rez\u201d de Oaxaca (UABJO), Eduardo Mart\u00ednez Helmes, exigieron a las autoridades una investigaci\u00f3n justa y apegada a derecho para esclarecer el caso, pues afirman que desde el 2020 han sido objeto de ataques sin sustento.<\/p>\n\n\n\n<p>A trav\u00e9s de un comunicado y en conferencia de prensa, la familia Mart\u00ednez Helmes se\u00f1al\u00f3 que las acusaciones y denuncias medi\u00e1ticas en su contra contin\u00faan sin sustento legal, por lo que indicaron que sean las autoridades federales y locales, por medio de las investigaciones, las que determinen la existencia de responsabilidades, en caso de haberlas, respecto del manejo del subsidio de la UABJO.<\/p>\n\n\n\n<p>As\u00ed tambi\u00e9n, piden que no se violente el debido proceso y haya respeto a las garant\u00edas individuales del ex rector.<\/p>\n\n\n\n<p>Por su parte, el cuerpo de abogados de Mart\u00ednez Helmes, dijo que es irrisoria la imputaci\u00f3n que se\u00f1ala la Fiscal\u00eda General de Oaxaca para la detenci\u00f3n de su cliente, acusado de defraudaci\u00f3n fiscal agravada.<\/p>\n\n\n\n<p>El pasado 31 de diciembre, tras la detenci\u00f3n, se realiz\u00f3 la audiencia de formulaci\u00f3n de imputaci\u00f3n, en la que se dio a conocer que la detenci\u00f3n es por la presunta omisi\u00f3n del pago de impuestos sobre erogaciones o remuneraciones del trabajo personal durante el ejercicio fiscal 2015 y dos bimestres del a\u00f1o 2016.<\/p>\n\n\n\n<p>A la defensa del ex rector se sum\u00f3 el coordinador acad\u00e9mico del Bachillerato Especializado en Contadur\u00eda y Administraci\u00f3n y director de la Alianza Universitaria, Jhovany Omar Cabrera Ramos, quien apunt\u00f3 que la detenci\u00f3n se trata de un acto de \u201cguerra sucia\u201d relacionada al proceso de elecci\u00f3n para la renovaci\u00f3n del nuevo rector, por lo que exigi\u00f3 su libertad.<\/p>\n\n\n\n<p>En un comunicado, Cabrera Ramos record\u00f3 que Mart\u00ednez Helmes encabez\u00f3 el a\u00f1o pasado el movimiento para impedir que Gilberto Gamboa Medina fuera nombrado rector al no contar con requisitos de la ley org\u00e1nica.<\/p>\n","protected":false},"excerpt":{"rendered":"<p>Yuridiana Sosa\/Zona Roja. Oaxaca de Ju\u00e1rez, Oax., 3 de enero de 2021.- Familiares del ex&hellip;<\/p>\n","protected":false},"author":2,"featured_media":36068,"comment_status":"closed","ping_status":"open","sticky":false,"template":"","format":"standard","meta":{"_lmt_disableupdate":"","_lmt_disable":"","_jetpack_memberships_contains_paid_content":false,"footnotes":""},"categories":[109,46],"tags":[1347],"class_list":["post-36070","post","type-post","status-publish","format-standard","has-post-thumbnail","hentry","category-minuto-a-minuto","category-zona-blanca","tag-eduardo-martinez-helmes"],"jetpack_featured_media_url":"https:\/\/zonaroja.com.mx\/wp-content\/uploads\/2022\/01\/Conferencia-Martinez-Helmes.jpg","jetpack_sharing_enabled":true,"_links":{"self":[{"href":"https:\/\/zonaroja.com.mx\/index.php?rest_route=\/wp\/v2\/posts\/36070","targetHints":{"allow":["GET"]}}],"collection":[{"href":"https:\/\/zonaroja.com.mx\/index.php?rest_route=\/wp\/v2\/posts"}],"about":[{"href":"https:\/\/zonaroja.com.mx\/index.php?rest_route=\/wp\/v2\/types\/post"}],"author":[{"embeddable":true,"href":"https:\/\/zonaroja.com.mx\/index.php?rest_route=\/wp\/v2\/users\/2"}],"replies":[{"embeddable":true,"href":"https:\/\/zonaroja.com.mx\/index.php?rest_route=%2Fwp%2Fv2%2Fcomments&post=36070"}],"version-history":[{"count":1,"href":"https:\/\/zonaroja.com.mx\/index.php?rest_route=\/wp\/v2\/posts\/36070\/revisions"}],"predecessor-version":[{"id":36071,"href":"https:\/\/zonaroja.com.mx\/index.php?rest_route=\/wp\/v2\/posts\/36070\/revisions\/36071"}],"wp:featuredmedia":[{"embeddable":true,"href":"https:\/\/zonaroja.com.mx\/index.php?rest_route=\/wp\/v2\/media\/36068"}],"wp:attachment":[{"href":"https:\/\/zonaroja.com.mx\/index.php?rest_route=%2Fwp%2Fv2%2Fmedia&parent=36070"}],"wp:term":[{"taxonomy":"category","embeddable":true,"href":"https:\/\/zonaroja.com.mx\/index.php?rest_route=%2Fwp%2Fv2%2Fcategories&post=36070"},{"taxonomy":"post_tag","embeddable":true,"href":"https:\/\/zonaroja.com.mx\/index.php?rest_route=%2Fwp%2Fv2%2Ftags&post=36070"}],"curies":[{"name":"wp","href":"https:\/\/api.w.org\/{rel}","templated":true}]}}