{"id":36072,"date":"2022-01-03T17:07:33","date_gmt":"2022-01-03T23:07:33","guid":{"rendered":"http:\/\/www.zonaroja.com.mx\/?p=36072"},"modified":"2022-01-03T18:57:32","modified_gmt":"2022-01-04T00:57:32","slug":"arranca-edil-de-santa-lucia-del-camino-con-obras-y-acciones","status":"publish","type":"post","link":"https:\/\/zonaroja.com.mx\/?p=36072","title":{"rendered":"Arranca edil de Santa Luc\u00eda del Camino con obras y acciones"},"content":{"rendered":"\n<p>Redacci\u00f3n\/Zona Roja.<\/p>\n\n\n\n<p>Oaxaca de Ju\u00e1rez, Oax., 3 de enero de 2022.- Con un reconocimiento a la polic\u00eda municipal; la rehabilitaci\u00f3n del palacio municipal; la repavimentaci\u00f3n de vialidades y la instalaci\u00f3n de diversas obras, arranc\u00f3 su gobierno el edil de Santa Luc\u00eda del Camino, Juan Carlos Garc\u00eda M\u00e1rquez.<\/p>\n\n\n\n<p>Despu\u00e9s del mediod\u00eda de este lunes, en la avenida Ferrocarril, a la altura de la colonia Del Bosque Sur, puso en marcha el bacheo de dicha vialidad, mismo que dijo continuar\u00e1 en zonas donde se encuentra deteriorado el pavimento.<\/p>\n\n\n\n<p>Asimismo, desde el primer d\u00eda del a\u00f1o, junto a su equipo de trabajo,inici\u00f3 la rehabilitaci\u00f3n de los espacios de las diferentes oficinas del palacio municipal, en donde con la llegada de la verdadera Cuarta Transformaci\u00f3n se atender\u00e1 a la ciudadan\u00eda.<\/p>\n\n\n\n<p>En ese sentido, el edil se\u00f1al\u00f3 que \u201ccon espacios dignos, construimos la transformaci\u00f3n en nuestro municipio, recibiremos y escucharemos a las mujeres y hombres de nuestra comunidad, que acudan a la casa de todos y todas\u201d.<\/p>\n\n\n\n<figure class=\"wp-block-embed is-type-rich is-provider-twitter wp-block-embed-twitter\"><div class=\"wp-block-embed__wrapper\">\n<div class=\"twitter-tweet\"><blockquote class=\"twitter-tweet\" data-lang=\"es\"><p lang=\"es\" dir=\"ltr\"><a href=\"https:\/\/twitter.com\/hashtag\/%C3%9AltimoMinuto?src=hash&amp;ref_src=twsrc%5Etfw\">#\u00daltimoMinuto<\/a> <br>Entre otras actividades de este lunes, el edil de Santa Luc\u00eda del Camino, <a href=\"https:\/\/twitter.com\/JC_GMarquez?ref_src=twsrc%5Etfw\">@JC_GMarquez<\/a>, dio inicio a acciones de repavimentaci\u00f3n en la avenida Ferrocarril. <br>Inform\u00f3 que paulatinamente se abaten rezagos y se reactivan los servicios p\u00fablicos a favor de la poblaci\u00f3n. <a href=\"https:\/\/t.co\/Guwzn4aLH3\">pic.twitter.com\/Guwzn4aLH3<\/a><\/p>&mdash; Zona Roja Oaxaca (@Zona_Roja_Oax) <a href=\"https:\/\/twitter.com\/Zona_Roja_Oax\/status\/1478129141178421249?ref_src=twsrc%5Etfw\">3 de enero de 2022<\/a><\/blockquote><\/div>\n<\/div><\/figure>\n\n\n\n<p>Previo al inicio de los trabajaos de rehabilitaci\u00f3n, el mun\u00edcipe arranc\u00f3 participando en la Sesi\u00f3n de la Coordinaci\u00f3n Territorial para la Construcci\u00f3n de la Paz y Seguridad, donde se abordaron temas importantes para la procuraci\u00f3n de la seguridad Santa Luc\u00eda.<\/p>\n\n\n\n<p>En tanto que ayer domingo 2 de enero, Garc\u00eda M\u00e1rquez encabez\u00f3 la conmemoraci\u00f3n del D\u00eda del Polic\u00eda, en donde reconoci\u00f3 a los hombres y mujeres que han dedicado su vida a la seguridad del municipio.<\/p>\n\n\n\n<p>As\u00ed tambi\u00e9n, les hizo un llamado a trabajar con honestidad para el bienestar de las familias.<\/p>\n\n\n\n<p>En entrevista colectiva, inform\u00f3 que los servicios p\u00fablicos, como la recolecci\u00f3n de basura, se restablecen paulatinamente, y en breve se brindar\u00e1n en su totalidad a la poblaci\u00f3n de Santa Luc\u00eda, a la que pidi\u00f3 su confianza para emprender m\u00faltiples acciones de bienestar para todos.<\/p>\n","protected":false},"excerpt":{"rendered":"<p>Redacci\u00f3n\/Zona Roja. Oaxaca de Ju\u00e1rez, Oax., 3 de enero de 2022.- Con un reconocimiento a&hellip;<\/p>\n","protected":false},"author":2,"featured_media":36067,"comment_status":"closed","ping_status":"open","sticky":false,"template":"","format":"standard","meta":{"_lmt_disableupdate":"","_lmt_disable":"","_jetpack_memberships_contains_paid_content":false,"footnotes":""},"categories":[109,47],"tags":[2608],"class_list":["post-36072","post","type-post","status-publish","format-standard","has-post-thumbnail","hentry","category-minuto-a-minuto","category-zona-gris","tag-juan-carlos-marquez-garcia"],"jetpack_featured_media_url":"https:\/\/zonaroja.com.mx\/wp-content\/uploads\/2022\/01\/Juan-Carlos-Garcia-Marquez-Santa-Lucia-1.jpg","jetpack_sharing_enabled":true,"_links":{"self":[{"href":"https:\/\/zonaroja.com.mx\/index.php?rest_route=\/wp\/v2\/posts\/36072","targetHints":{"allow":["GET"]}}],"collection":[{"href":"https:\/\/zonaroja.com.mx\/index.php?rest_route=\/wp\/v2\/posts"}],"about":[{"href":"https:\/\/zonaroja.com.mx\/index.php?rest_route=\/wp\/v2\/types\/post"}],"author":[{"embeddable":true,"href":"https:\/\/zonaroja.com.mx\/index.php?rest_route=\/wp\/v2\/users\/2"}],"replies":[{"embeddable":true,"href":"https:\/\/zonaroja.com.mx\/index.php?rest_route=%2Fwp%2Fv2%2Fcomments&post=36072"}],"version-history":[{"count":2,"href":"https:\/\/zonaroja.com.mx\/index.php?rest_route=\/wp\/v2\/posts\/36072\/revisions"}],"predecessor-version":[{"id":36074,"href":"https:\/\/zonaroja.com.mx\/index.php?rest_route=\/wp\/v2\/posts\/36072\/revisions\/36074"}],"wp:featuredmedia":[{"embeddable":true,"href":"https:\/\/zonaroja.com.mx\/index.php?rest_route=\/wp\/v2\/media\/36067"}],"wp:attachment":[{"href":"https:\/\/zonaroja.com.mx\/index.php?rest_route=%2Fwp%2Fv2%2Fmedia&parent=36072"}],"wp:term":[{"taxonomy":"category","embeddable":true,"href":"https:\/\/zonaroja.com.mx\/index.php?rest_route=%2Fwp%2Fv2%2Fcategories&post=36072"},{"taxonomy":"post_tag","embeddable":true,"href":"https:\/\/zonaroja.com.mx\/index.php?rest_route=%2Fwp%2Fv2%2Ftags&post=36072"}],"curies":[{"name":"wp","href":"https:\/\/api.w.org\/{rel}","templated":true}]}}