{"id":36075,"date":"2022-01-03T19:45:19","date_gmt":"2022-01-04T01:45:19","guid":{"rendered":"http:\/\/www.zonaroja.com.mx\/?p=36075"},"modified":"2022-01-03T19:45:22","modified_gmt":"2022-01-04T01:45:22","slug":"opinion-en-la-uabjo-la-academia-no-importa","status":"publish","type":"post","link":"https:\/\/zonaroja.com.mx\/?p=36075","title":{"rendered":"Opini\u00f3n. En la UABJO la academia no importa"},"content":{"rendered":"\n<p>Adri\u00e1n Ortiz Romero Cuevas<\/p>\n\n\n\n<p>La aprehensi\u00f3n, la tarde del pasado 31 de diciembre, del ex rector de la Universidad Aut\u00f3noma \u201cBenito Ju\u00e1rez\u201d de Oaxaca (UABJO), Eduardo Mart\u00ednez Helmes, parece un claro mensaje de c\u00f3mo se va a intentar forzar un cambio de grupo en el poder al interior de esa casa de estudios.<\/p>\n\n\n\n<p>El grupo de Abraham Mart\u00ednez Alavez, tambi\u00e9n ex rector de la UABJO, y padre del exfuncionario universitario ahora detenido, ha controlado la Universidad como si fuera suya, al menos en los \u00faltimos cuatro rectorados.<\/p>\n\n\n\n<p>Y si en ese contexto, un posible cambio de grupo es a favor de la academia y la calidad de la educaci\u00f3n que ah\u00ed se imparte, ser\u00e1 para bien. Lamentablemente, el propio devenir universitario ha demostrado lo contrario.<\/p>\n\n\n\n<p>En efecto, para entender la dimensi\u00f3n de la detenci\u00f3n de Eduardo Mart\u00ednez Helmes, y la relevancia que tienen \u00e9l y su grupo al interior de la Universidad, hay que remontarse cuatro rectorados atr\u00e1s.<\/p>\n\n\n\n<p>El ahora mun\u00edcipe de la capital oaxaque\u00f1a Francisco Mart\u00ednez Neri, fue el primer rector al que formalmente impuls\u00f3 el entonces disruptivo grupo pol\u00edtico universitario de Mart\u00ednez Alavez a trav\u00e9s del Sindicato Universitario de Maestros, conocido como SUMA, que se enfrent\u00f3 y venci\u00f3 a los viejos cacicazgos universitarios del STAUO, STEUABJO y dem\u00e1s factores de poder como el de la ex rectora Leticia Mendoza Toro, y otros.<\/p>\n\n\n\n<p>Abraham Mart\u00ednez y familia, seguido de un nutrido grupo de trabajadores universitarios del \u00e1mbito acad\u00e9mico, impulsaron a Mart\u00ednez Neri &#8211;y convencieron a la mayor\u00eda de los universitarios que votaron por la llegada a la rector\u00eda del entonces Director de la Facultad de Contadur\u00eda&#8211; argumentando que la Universidad deb\u00eda recuperar su valor como M\u00e1xima Casa de Estudios en Oaxaca, y que deb\u00eda hacerlo a trav\u00e9s de la revalorizaci\u00f3n de su vocaci\u00f3n acad\u00e9mica, y no a trav\u00e9s de la lucha pol\u00edtica pura como en las tres d\u00e9cadas previas.<\/p>\n\n\n\n<p>Lamentablemente, tanto la circunstancia pol\u00edtica de la entidad, como el propio encumbramiento del nuevo grupo universitario en el poder, llevaron a la UABJO a un giro de 360 grados. Es decir, movieron todo, pero para quedar igual.<\/p>\n\n\n\n<p>El rectorado de Mart\u00ednez Neri estuvo enmarcado por el conflicto con la APPO del a\u00f1o 2006. Qui\u00e9n sabe si se lo propuso o no, pero Francisco Mart\u00ednez termin\u00f3 siendo un actor central del movimiento popular &#8211;aunque siempre en bajo perfil&#8211; al abrir las puertas del campus universitario a los inconformes durante varios meses.<\/p>\n\n\n\n<p>La frecuencia de Radio Universidad sirvi\u00f3 como pivote de difusi\u00f3n de las arengas y razones de quienes impulsaban el movimiento y Ciudad Universitaria fue, de hecho, el \u00faltimo basti\u00f3n de resistencia que permaneci\u00f3 en control del magisterio y la Asamblea Popular, luego de la entrada a la capital oaxaque\u00f1a de las fuerzas federales, a finales de octubre de 2006.<\/p>\n\n\n\n<p>Podr\u00eda entenderse &#8211;mas no justificarse&#8211; que la natural vocaci\u00f3n pol\u00edtica de una universidad como la UABJO &#8211;caja natural de resonancia de la actividad pol\u00edtica oaxaque\u00f1a&#8211;, y la trascendencia que tuvo el movimiento popular de 2006 en la vida de Oaxaca, fueron razones que determinaron el hecho de que el supuesto proyecto de rescate acad\u00e9mico que impulsaba el grupo de los Mart\u00ednez, quedara pospuesto frente a las circunstancias.<\/p>\n\n\n\n<p>El problema es que ese proyecto ya no se recuper\u00f3. Terminando el cuatrienio de Mart\u00ednez Neri, SUMA y los Mart\u00ednez impulsaron a Rafael Torres Valdez como nuevo rector.<\/p>\n\n\n\n<p>Ganaron holgadamente gracias al amplio control que ya ten\u00edan de las escuelas y facultades m\u00e1s importantes de la Universidad &#8211;s\u00f3lo las facultades de Derecho y Contadur\u00eda suman miles de votos, y no son las \u00fanicas&#8211;, y de las bondades que les representa el sufragio universal de los universitarios para elegir a sus autoridades.<\/p>\n\n\n\n<p>Ya con Torres, los Mart\u00ednez ten\u00edan adem\u00e1s ocupados todos los espacios importantes de poder al interior de la Universidad. Eduardo Mart\u00ednez era el poderoso secretario Particular del Rector \u2014desde los tiempos de Mart\u00ednez Neri\u2014, y la familia y los tent\u00e1culos de los Mart\u00ednez hab\u00edan ya llenado todos los cargos clave para mantener el control de la matr\u00edcula, de los profesores, de la administraci\u00f3n en general y, sobre todo, de los recursos universitarios.<\/p>\n\n\n\n<p>TODO EL PODER<\/p>\n\n\n\n<p>Al t\u00e9rmino del periodo de Torres, la ambici\u00f3n de poder de los Mart\u00ednez se descar\u00f3: dejaron de lado todos los postulados acad\u00e9micos que hab\u00edan sostenido para justificar y legitimar su paso por el poder en la universidad, y Abraham Mart\u00ednez decidi\u00f3 impulsar a su propio hijo, Eduardo, como rector. Ya para entonces ellos mismos asent\u00edan sin ning\u00fan rubor, cuando escuchaban nombrarlos como \u201cla familia real\u201d.<\/p>\n\n\n\n<p>As\u00ed, sin ning\u00fan m\u00e9rito acad\u00e9mico y sin ninguna ascendencia profesional fuera de su clan familiar y de su grupo pol\u00edtico, o m\u00e1s all\u00e1 de la UABJO, Eduardo Mart\u00ednez Helmes fue postulado como candidato a Rector, y gan\u00f3 gracias al amplio control ejercido por los Mart\u00ednez en escuelas populosas que a\u00fan conservan una matr\u00edcula importante.<\/p>\n\n\n\n<p>Mart\u00ednez Helmes ejerci\u00f3 un rectorado de mano dura en lo pol\u00edtico, pero de intrascendencia en lo acad\u00e9mico. La vida universitaria continu\u00f3 inercialmente y, en realidad &#8211;y para desgracia de los oaxaque\u00f1os&#8211;, muchos de los problemas universitarios &#8211;el porrismo, la corrupci\u00f3n, la venta de calificaciones, el acoso, el menospreciado rigor acad\u00e9mico en muchos de sus procesos, etc\u00e9tera&#8211; no s\u00f3lo no se resolvieron, sino que se agravaron.<\/p>\n\n\n\n<p>En 2016, al t\u00e9rmino del rectorado de Mart\u00ednez Helmes, su grupo familiar midi\u00f3 la posibilidad de postular a Reynel V\u00e1squez, un ex director de la Facultad de Derecho que tiene una fama mucho m\u00e1s afianzada por su fidelidad incondicional \u2014al punto de la ignominia\u2014 con el grupo de los Mart\u00ednez, que por cualquier m\u00e9rito acad\u00e9mico. Al ver que esa candidatura ser\u00eda insostenible, propusieron a Eduardo Bautista \u2014\u00e9l s\u00ed, un acad\u00e9mico reconocido y respetado, profesor del Instituto de Investigaciones Sociol\u00f3gicas\u2014 como su candidato.<\/p>\n\n\n\n<p>Los Mart\u00ednez lo llevaron al triunfo, y decidieron romper todas sus alianzas previas con los dem\u00e1s factores universitarios. En una versi\u00f3n oaxaque\u00f1izada de Ra\u00fal Padilla en la UdG, Abraham Mart\u00ednez ya se sent\u00eda due\u00f1o de la UABJO.<\/p>\n\n\n\n<p>Estos \u00faltimos a\u00f1os han sido de un profundo estira y afloja para tratar de darle cauce a la vida acad\u00e9mica, en medio de la circunstancia de que ah\u00ed todo est\u00e1 determinado por los intereses pol\u00edticos y las ambiciones ya en el punto del descaro.<\/p>\n\n\n\n<p>Lamentablemente, todas las promesas y postulados que en alg\u00fan momento onde\u00f3 el grupo de los Mart\u00ednez respecto al rescate y revalorizaci\u00f3n de la vida acad\u00e9mica en la UABJO, fueron eclipsados por la ambici\u00f3n y la codicia por el poder.<\/p>\n\n\n\n<p>Su arribo al poder, hace casi cuatro lustros, no signific\u00f3 otra cosa que la anidaci\u00f3n de un cacicazgo que quiz\u00e1 ahora se intente romper. El riesgo &#8211;y no existe raz\u00f3n alguna para pensar lo contrario&#8211; es que se pretenda derruir un grupo para encumbrar otro de similares caracter\u00edsticas, pero s\u00f3lo con personas distintas.<\/p>\n\n\n\n<p>Parad\u00f3jicamente al interior de la UABJO los Mart\u00ednez dinamitaron cualquier contrapeso real. Por lo que el relevo entre grupos &#8211;sin ning\u00fan derrotero o preocupaci\u00f3n por la academia&#8211; corre un riesgo alt\u00edsimo de convertirse en un &#8211;uno m\u00e1s&#8211; \u201cqu\u00edtate t\u00fa, para que me ponga yo\u201d.<\/p>\n\n\n\n<p>No hay un solo viso, ni desde la UABJO, ni desde el gobierno estatal, de liquidar a la actual Universidad y refundarla con nuevos cimientos, como s\u00ed ha pasado en otras casas de estudio. No hay ning\u00fan derrotero claro m\u00e1s all\u00e1 del gatopardismo. Pobre Universidad.<\/p>\n\n\n\n<p>EPITAFIO<\/p>\n\n\n\n<p>Los delitos por los que detuvieron al ex Rector no tienen que ver con un posible quebranto a las arcas universitarias, o con responsabilidades administrativas.<\/p>\n\n\n\n<p>Los delitos por los que se le est\u00e1 procesando, establecidos en el C\u00f3digo Fiscal del Estado, son los que se cometen contra el erario estatal. Es decir, contra el Estado. A partir de eso, es posible entender la dimensi\u00f3n pol\u00edtica real, as\u00ed como el origen y los porqu\u00e9s del problema judicial, la persecuci\u00f3n, que ahora enfrenta Eduardo Mart\u00ednez Helmes.<\/p>\n\n\n\n<figure class=\"wp-block-embed\"><div class=\"wp-block-embed__wrapper\">\nhttps:\/\/columnaalmargen.mx\n<\/div><\/figure>\n\n\n\n<p>Twitter:<\/p>\n\n\n\n<p>@ortizromeroc<\/p>\n\n\n\n<p>@columnaalmargen<\/p>\n","protected":false},"excerpt":{"rendered":"<p>Adri\u00e1n Ortiz Romero Cuevas La aprehensi\u00f3n, la tarde del pasado 31 de diciembre, del ex&hellip;<\/p>\n","protected":false},"author":2,"featured_media":36076,"comment_status":"closed","ping_status":"open","sticky":false,"template":"","format":"standard","meta":{"_lmt_disableupdate":"","_lmt_disable":"","_jetpack_memberships_contains_paid_content":false,"footnotes":""},"categories":[456,109],"tags":[2994],"class_list":["post-36075","post","type-post","status-publish","format-standard","has-post-thumbnail","hentry","category-columna","category-minuto-a-minuto","tag-adrian-ortiz-romero-cuevas"],"jetpack_featured_media_url":"https:\/\/zonaroja.com.mx\/wp-content\/uploads\/2022\/01\/Adrian-Ortiz-Romero.jpeg","jetpack_sharing_enabled":true,"_links":{"self":[{"href":"https:\/\/zonaroja.com.mx\/index.php?rest_route=\/wp\/v2\/posts\/36075","targetHints":{"allow":["GET"]}}],"collection":[{"href":"https:\/\/zonaroja.com.mx\/index.php?rest_route=\/wp\/v2\/posts"}],"about":[{"href":"https:\/\/zonaroja.com.mx\/index.php?rest_route=\/wp\/v2\/types\/post"}],"author":[{"embeddable":true,"href":"https:\/\/zonaroja.com.mx\/index.php?rest_route=\/wp\/v2\/users\/2"}],"replies":[{"embeddable":true,"href":"https:\/\/zonaroja.com.mx\/index.php?rest_route=%2Fwp%2Fv2%2Fcomments&post=36075"}],"version-history":[{"count":1,"href":"https:\/\/zonaroja.com.mx\/index.php?rest_route=\/wp\/v2\/posts\/36075\/revisions"}],"predecessor-version":[{"id":36077,"href":"https:\/\/zonaroja.com.mx\/index.php?rest_route=\/wp\/v2\/posts\/36075\/revisions\/36077"}],"wp:featuredmedia":[{"embeddable":true,"href":"https:\/\/zonaroja.com.mx\/index.php?rest_route=\/wp\/v2\/media\/36076"}],"wp:attachment":[{"href":"https:\/\/zonaroja.com.mx\/index.php?rest_route=%2Fwp%2Fv2%2Fmedia&parent=36075"}],"wp:term":[{"taxonomy":"category","embeddable":true,"href":"https:\/\/zonaroja.com.mx\/index.php?rest_route=%2Fwp%2Fv2%2Fcategories&post=36075"},{"taxonomy":"post_tag","embeddable":true,"href":"https:\/\/zonaroja.com.mx\/index.php?rest_route=%2Fwp%2Fv2%2Ftags&post=36075"}],"curies":[{"name":"wp","href":"https:\/\/api.w.org\/{rel}","templated":true}]}}