{"id":36078,"date":"2022-01-03T21:19:40","date_gmt":"2022-01-04T03:19:40","guid":{"rendered":"http:\/\/www.zonaroja.com.mx\/?p=36078"},"modified":"2022-01-03T21:19:44","modified_gmt":"2022-01-04T03:19:44","slug":"arranca-la-primera-semana-de-2022-con-protestas-en-oaxaca","status":"publish","type":"post","link":"https:\/\/zonaroja.com.mx\/?p=36078","title":{"rendered":"Arranca la primera semana de 2022 con protestas en Oaxaca"},"content":{"rendered":"\n<p>Yuridiana Sosa\/ Zona Roja<\/p>\n\n\n\n<p>Oaxaca de Ju\u00e1rez, Oax., 03 de enero de 2022.- El estado de Oaxaca registr\u00f3 las primeras movilizaciones de este 2022, en la regi\u00f3n de Valles Centrales y en la Mixteca, por parte de organizaciones sociales que exigen atenci\u00f3n de autoridades estatales y municipales.<\/p>\n\n\n\n<p>El Frente Popular Revolucionario (FPR) se apoder\u00f3 por varias horas de los accesos principales de Ciudad Administrativa, en Tlalixtac de Cabrera, en reclamo a las demandas no cumplidas por el gobierno estatal.<\/p>\n\n\n\n<p>La organizaci\u00f3n advirti\u00f3 que iniciaron su movilizaci\u00f3n de forma representativa, pero sus actividades de protesta ser\u00e1n conforme a la atenci\u00f3n o desatenci\u00f3n que tengan por parte de las autoridades.<\/p>\n\n\n\n<p>El FPR denunci\u00f3 que esta primera movilizaci\u00f3n es ante la cancelaci\u00f3n del di\u00e1logo de la Secretar\u00eda General de Gobierno y la Secretar\u00eda de Finanzas para resolver los diferentes planteamientos que les han expuesto.<\/p>\n\n\n\n<p>Ambas dependencias, asegur\u00f3 la organizaci\u00f3n, ha autorizado diversos proyectos en comunidades, pero sin fondos econ\u00f3micos para su ejecuci\u00f3n.<\/p>\n\n\n\n<p>Horas despu\u00e9s, sin registrarse da\u00f1os, los manifestantes se retiraron del inmueble.<\/p>\n\n\n\n<p>ORGANIZACIONES EN LA MIXTECA<\/p>\n\n\n\n<p>Por otra parte, representantes de diversas organizaciones en Huajupan de Le\u00f3n, en la regi\u00f3n Mixteca, se manifestaron esta ma\u00f1ana frente a palacio municipal para demandar una mesa de trabajo con la nueva administraci\u00f3n local y entregarles sus pliegos de peticiones.<\/p>\n\n\n\n<p>Organizaciones del ramo transportista, de pasaje colectivo y de la construcci\u00f3n, as\u00ed como colonos, hicieron presencia en la calle de Valerio Trujano frente al inmueble, sin embargo, ante la multitud, las autoridades cerraron las puertas del palacio, provocando molestia en los demandantes.<\/p>\n\n\n\n<figure class=\"wp-block-embed is-type-rich is-provider-twitter wp-block-embed-twitter\"><div class=\"wp-block-embed__wrapper\">\n<div class=\"twitter-tweet\"><blockquote class=\"twitter-tweet\" data-lang=\"es\"><p lang=\"es\" dir=\"ltr\"><a href=\"https:\/\/twitter.com\/hashtag\/ENVIVO?src=hash&amp;ref_src=twsrc%5Etfw\">#ENVIVO<\/a><br>Tlalixtac de Cabrera, Oax., 3 de enero de 2022.- La primera protesta del a\u00f1o se registra esta ma\u00f1ana en Ciudad Administrativa, por parte del Frente Popular Revolucionario (<a href=\"https:\/\/twitter.com\/FPR_OAXACA?ref_src=twsrc%5Etfw\">@FPR_OAXACA<\/a>).<br><br>Siga aqu\u00ed la transmisi\u00f3n:<br>\ud83d\udc47<a href=\"https:\/\/t.co\/Smi0lXPcJp\">https:\/\/t.co\/Smi0lXPcJp<\/a> <a href=\"https:\/\/t.co\/K7hVhv7VoF\">pic.twitter.com\/K7hVhv7VoF<\/a><\/p>&mdash; Zona Roja Oaxaca (@Zona_Roja_Oax) <a href=\"https:\/\/twitter.com\/Zona_Roja_Oax\/status\/1478044932992557057?ref_src=twsrc%5Etfw\">3 de enero de 2022<\/a><\/blockquote><\/div>\n<\/div><\/figure>\n\n\n\n<p>Minutos despu\u00e9s, y ante la exigencia colectiva por medio de altavoces para que les atendieran, representantes del gobierno que encabeza Luis de Le\u00f3n Mart\u00ednez.<\/p>\n\n\n\n<p>Las organizaciones indicaron que entre las peticiones se encuentra la de abastecimiento de agua potable, drenaje y alcantarillado para diversas colonias; as\u00ed como seguridad para el transporte y orden en el gremio, tambi\u00e9n demandaron obras p\u00fablicas que beneficien al sector de la construcci\u00f3n del municipio.<\/p>\n\n\n\n<p>TOMA DE CASETA<\/p>\n\n\n\n<p>A su vez, un grupo de personas se apoder\u00f3 por varias horas de la plaza de cobro de Suchixtlahuaca, en la supercarretera Oaxaca-Cuacnopalan.<\/p>\n\n\n\n<p>Ciudadanos afectados con la \u201ctoma\u201d denunciaron que para poder pasar pidieron una cuota de entre 70 y 100 pesos; la situaci\u00f3n ha ocurrido pr\u00e1cticamente a diario, tambi\u00e9n en la caseta de peaje de Huitzo, sin que intervengan las autoridades de Caminos y Puentes Federales o la Guardia Nacional.<\/p>\n\n\n\n<p>Mientras tanto, anoche iniciaron los disturbios e inconformidades en Santa Mar\u00eda Mixtequilla, en que repudiaron al comisionado municipal, el ex docente Rogelio Vargas Garfias.<\/p>\n\n\n\n<p>Entre gritos y empujones fue sacado de una asamblea informativa y ma\u00f1ana martes prev\u00e9n bloquear la carretera federal 190, para exigir que salga totalmente de dicho municipio de la regi\u00f3n del Istmo de Tehuantepec.<\/p>\n","protected":false},"excerpt":{"rendered":"<p>Yuridiana Sosa\/ Zona Roja Oaxaca de Ju\u00e1rez, Oax., 03 de enero de 2022.- El estado&hellip;<\/p>\n","protected":false},"author":2,"featured_media":36069,"comment_status":"closed","ping_status":"open","sticky":false,"template":"","format":"standard","meta":{"_lmt_disableupdate":"","_lmt_disable":"","_jetpack_memberships_contains_paid_content":false,"footnotes":""},"categories":[109,47],"tags":[2122],"class_list":["post-36078","post","type-post","status-publish","format-standard","has-post-thumbnail","hentry","category-minuto-a-minuto","category-zona-gris","tag-francisco-garcia-lopez"],"jetpack_featured_media_url":"https:\/\/zonaroja.com.mx\/wp-content\/uploads\/2022\/01\/Protesta-Ciudad-Administrativa-Francisco-Garcia-Lopez.jpg","jetpack_sharing_enabled":true,"_links":{"self":[{"href":"https:\/\/zonaroja.com.mx\/index.php?rest_route=\/wp\/v2\/posts\/36078","targetHints":{"allow":["GET"]}}],"collection":[{"href":"https:\/\/zonaroja.com.mx\/index.php?rest_route=\/wp\/v2\/posts"}],"about":[{"href":"https:\/\/zonaroja.com.mx\/index.php?rest_route=\/wp\/v2\/types\/post"}],"author":[{"embeddable":true,"href":"https:\/\/zonaroja.com.mx\/index.php?rest_route=\/wp\/v2\/users\/2"}],"replies":[{"embeddable":true,"href":"https:\/\/zonaroja.com.mx\/index.php?rest_route=%2Fwp%2Fv2%2Fcomments&post=36078"}],"version-history":[{"count":1,"href":"https:\/\/zonaroja.com.mx\/index.php?rest_route=\/wp\/v2\/posts\/36078\/revisions"}],"predecessor-version":[{"id":36079,"href":"https:\/\/zonaroja.com.mx\/index.php?rest_route=\/wp\/v2\/posts\/36078\/revisions\/36079"}],"wp:featuredmedia":[{"embeddable":true,"href":"https:\/\/zonaroja.com.mx\/index.php?rest_route=\/wp\/v2\/media\/36069"}],"wp:attachment":[{"href":"https:\/\/zonaroja.com.mx\/index.php?rest_route=%2Fwp%2Fv2%2Fmedia&parent=36078"}],"wp:term":[{"taxonomy":"category","embeddable":true,"href":"https:\/\/zonaroja.com.mx\/index.php?rest_route=%2Fwp%2Fv2%2Fcategories&post=36078"},{"taxonomy":"post_tag","embeddable":true,"href":"https:\/\/zonaroja.com.mx\/index.php?rest_route=%2Fwp%2Fv2%2Ftags&post=36078"}],"curies":[{"name":"wp","href":"https:\/\/api.w.org\/{rel}","templated":true}]}}